{"id":6257,"date":"2025-03-15T16:24:26","date_gmt":"2025-03-15T16:24:26","guid":{"rendered":"https:\/\/izarbide.net\/inicio\/?p=6257"},"modified":"2025-03-18T15:16:57","modified_gmt":"2025-03-18T15:16:57","slug":"reunion-junta-directiva","status":"publish","type":"post","link":"https:\/\/izarbide.net\/inicio\/reunion-junta-directiva\/","title":{"rendered":"REUNI\u00d3N JUNTA DIRECTIVA"},"content":{"rendered":"<p><span style=\"font-family: arial, helvetica, sans-serif; font-size: 14pt;\">El d\u00eda 7 de marzo tuvimos una reuni\u00f3n de la directiva de Izarbide en el aula Gure Bizitza de Donostia. Una compa\u00f1era de la ciberaula de Ir\u00fan ha preparado este precioso v\u00eddeo con las personas que asistimos. Sentimos mucho que nuestros compa\u00f1eros de Tolosa tuvieran que irse antes debido a otro compromiso y no est\u00e9n aqu\u00ed representados.\u00a0<\/span><\/p>\n<p>&nbsp;<\/p>\n<p><strong><span style=\"font-size: 14pt;\">\u00a0 \u00a0 \u00a0 \u00a0 \u00a0 \u00a0\u00a0 \u00a0\u00a0 \u00a0\u00a0 \u00a0\u00a0 \u00a0\u00a0 \u00a0\u00a0 \u00a0\u00a0 \u00a0\u00a0 \u00a0\u00a0 \u00a0\u00a0 \u00a0\u00a0 \u00a0\u00a0 \u00a0\u00a0 \u00a0\u00a0 \u00a0\u00a0 \u00a0\u00a0 \u00a0\u00a0 \u00a0\u00a0 \u00a0\u00a0 \u00a0\u00a0 \u00a0\u00a0 \u00a0\u00a0 \u00a0\u00a0 \u00a0\u00a0 \u00a0\u00a0 \u00a0\u00a0 <a href=\"https:\/\/youtu.be\/dTT3D7YWylY\" target=\"_blank\" rel=\"noopener\">Aqu\u00ed pod\u00e9is ver el v\u00eddeo <\/a><\/span><\/strong><\/p>\n<p>&nbsp;<\/p>\n<p>&nbsp;<\/p>\n<p>&nbsp;<\/p>\n<p>&nbsp;<\/p>\n<p>&nbsp;<\/p>\n<p>&nbsp;<\/p>\n","protected":false},"excerpt":{"rendered":"<p>El d\u00eda 7 de marzo tuvimos una reuni\u00f3n de la directiva de Izarbide en el aula Gure Bizitza de Donostia. Una compa\u00f1era de la ciberaula de Ir\u00fan ha preparado este precioso v\u00eddeo con las personas que asistimos. Sentimos mucho que nuestros compa\u00f1eros de Tolosa tuvieran que irse antes debido a otro compromiso y no est\u00e9n [&hellip;]<\/p>\n","protected":false},"author":10,"featured_media":6262,"comment_status":"open","ping_status":"open","sticky":false,"template":"","format":"standard","meta":{"footnotes":""},"categories":[464],"tags":[552,1101],"class_list":{"0":"post-6257","1":"post","2":"type-post","3":"status-publish","4":"format-standard","5":"has-post-thumbnail","7":"category-asociacion-izarbide","8":"tag-asociacion-izarbide","9":"tag-reunion-junta-directiva","10":"czr-hentry"},"yoast_head":"<!-- This site is optimized with the Yoast SEO plugin v27.4 - https:\/\/yoast.com\/product\/yoast-seo-wordpress\/ -->\n<title>REUNI\u00d3N JUNTA DIRECTIVA - IZARBIDE<\/title>\n<meta name=\"robots\" content=\"index, follow, max-snippet:-1, max-image-preview:large, max-video-preview:-1\" \/>\n<link rel=\"canonical\" href=\"https:\/\/izarbide.net\/inicio\/reunion-junta-directiva\/\" \/>\n<meta property=\"og:locale\" content=\"es_ES\" \/>\n<meta property=\"og:type\" content=\"article\" \/>\n<meta property=\"og:title\" content=\"REUNI\u00d3N JUNTA DIRECTIVA - IZARBIDE\" \/>\n<meta property=\"og:description\" content=\"El d\u00eda 7 de marzo tuvimos una reuni\u00f3n de la directiva de Izarbide en el aula Gure Bizitza de Donostia. Una compa\u00f1era de la ciberaula de Ir\u00fan ha preparado este precioso v\u00eddeo con las personas que asistimos. Sentimos mucho que nuestros compa\u00f1eros de Tolosa tuvieran que irse antes debido a otro compromiso y no est\u00e9n [&hellip;]\" \/>\n<meta property=\"og:url\" content=\"https:\/\/izarbide.net\/inicio\/reunion-junta-directiva\/\" \/>\n<meta property=\"og:site_name\" content=\"IZARBIDE\" \/>\n<meta property=\"article:published_time\" content=\"2025-03-15T16:24:26+00:00\" \/>\n<meta property=\"article:modified_time\" content=\"2025-03-18T15:16:57+00:00\" \/>\n<meta property=\"og:image\" content=\"https:\/\/izarbide.net\/wp-content\/uploads\/2025\/03\/2025-3-7-Reunion-Junta-Directiva-1-scaled.jpg\" \/>\n\t<meta property=\"og:image:width\" content=\"2560\" \/>\n\t<meta property=\"og:image:height\" content=\"1152\" \/>\n\t<meta property=\"og:image:type\" content=\"image\/jpeg\" \/>\n<meta name=\"author\" content=\"Marta Higuera Rubio\" \/>\n<meta name=\"twitter:card\" content=\"summary_large_image\" \/>\n<meta name=\"twitter:label1\" content=\"Escrito por\" \/>\n\t<meta name=\"twitter:data1\" content=\"Marta Higuera Rubio\" \/>\n\t<meta name=\"twitter:label2\" content=\"Tiempo de lectura\" \/>\n\t<meta name=\"twitter:data2\" content=\"1 minuto\" \/>\n<script type=\"application\/ld+json\" class=\"yoast-schema-graph\">{\"@context\":\"https:\\\/\\\/schema.org\",\"@graph\":[{\"@type\":\"Article\",\"@id\":\"https:\\\/\\\/izarbide.net\\\/inicio\\\/reunion-junta-directiva\\\/#article\",\"isPartOf\":{\"@id\":\"https:\\\/\\\/izarbide.net\\\/inicio\\\/reunion-junta-directiva\\\/\"},\"author\":{\"name\":\"Marta Higuera Rubio\",\"@id\":\"https:\\\/\\\/izarbide.net\\\/inicio\\\/#\\\/schema\\\/person\\\/5dc2bc054a0b461807b336c7b1006122\"},\"headline\":\"REUNI\u00d3N JUNTA DIRECTIVA\",\"datePublished\":\"2025-03-15T16:24:26+00:00\",\"dateModified\":\"2025-03-18T15:16:57+00:00\",\"mainEntityOfPage\":{\"@id\":\"https:\\\/\\\/izarbide.net\\\/inicio\\\/reunion-junta-directiva\\\/\"},\"wordCount\":81,\"commentCount\":0,\"publisher\":{\"@id\":\"https:\\\/\\\/izarbide.net\\\/inicio\\\/#organization\"},\"image\":{\"@id\":\"https:\\\/\\\/izarbide.net\\\/inicio\\\/reunion-junta-directiva\\\/#primaryimage\"},\"thumbnailUrl\":\"https:\\\/\\\/izarbide.net\\\/wp-content\\\/uploads\\\/2025\\\/03\\\/2025-3-7-Reunion-Junta-Directiva-1-scaled.jpg\",\"keywords\":[\"Asociaci\u00f3n Izarbide\",\"Reuni\u00f3n Junta Directiva\"],\"articleSection\":[\"Asociaci\u00f3n Izarbide\"],\"inLanguage\":\"es\",\"potentialAction\":[{\"@type\":\"CommentAction\",\"name\":\"Comment\",\"target\":[\"https:\\\/\\\/izarbide.net\\\/inicio\\\/reunion-junta-directiva\\\/#respond\"]}]},{\"@type\":\"WebPage\",\"@id\":\"https:\\\/\\\/izarbide.net\\\/inicio\\\/reunion-junta-directiva\\\/\",\"url\":\"https:\\\/\\\/izarbide.net\\\/inicio\\\/reunion-junta-directiva\\\/\",\"name\":\"REUNI\u00d3N JUNTA DIRECTIVA - IZARBIDE\",\"isPartOf\":{\"@id\":\"https:\\\/\\\/izarbide.net\\\/inicio\\\/#website\"},\"primaryImageOfPage\":{\"@id\":\"https:\\\/\\\/izarbide.net\\\/inicio\\\/reunion-junta-directiva\\\/#primaryimage\"},\"image\":{\"@id\":\"https:\\\/\\\/izarbide.net\\\/inicio\\\/reunion-junta-directiva\\\/#primaryimage\"},\"thumbnailUrl\":\"https:\\\/\\\/izarbide.net\\\/wp-content\\\/uploads\\\/2025\\\/03\\\/2025-3-7-Reunion-Junta-Directiva-1-scaled.jpg\",\"datePublished\":\"2025-03-15T16:24:26+00:00\",\"dateModified\":\"2025-03-18T15:16:57+00:00\",\"breadcrumb\":{\"@id\":\"https:\\\/\\\/izarbide.net\\\/inicio\\\/reunion-junta-directiva\\\/#breadcrumb\"},\"inLanguage\":\"es\",\"potentialAction\":[{\"@type\":\"ReadAction\",\"target\":[\"https:\\\/\\\/izarbide.net\\\/inicio\\\/reunion-junta-directiva\\\/\"]}]},{\"@type\":\"ImageObject\",\"inLanguage\":\"es\",\"@id\":\"https:\\\/\\\/izarbide.net\\\/inicio\\\/reunion-junta-directiva\\\/#primaryimage\",\"url\":\"https:\\\/\\\/izarbide.net\\\/wp-content\\\/uploads\\\/2025\\\/03\\\/2025-3-7-Reunion-Junta-Directiva-1-scaled.jpg\",\"contentUrl\":\"https:\\\/\\\/izarbide.net\\\/wp-content\\\/uploads\\\/2025\\\/03\\\/2025-3-7-Reunion-Junta-Directiva-1-scaled.jpg\",\"width\":2560,\"height\":1152,\"caption\":\"2025-3-7 Reuni\u00f3n Junta Directiva\"},{\"@type\":\"BreadcrumbList\",\"@id\":\"https:\\\/\\\/izarbide.net\\\/inicio\\\/reunion-junta-directiva\\\/#breadcrumb\",\"itemListElement\":[{\"@type\":\"ListItem\",\"position\":1,\"name\":\"Portada\",\"item\":\"https:\\\/\\\/izarbide.net\\\/inicio\\\/\"},{\"@type\":\"ListItem\",\"position\":2,\"name\":\"REUNI\u00d3N JUNTA DIRECTIVA\"}]},{\"@type\":\"WebSite\",\"@id\":\"https:\\\/\\\/izarbide.net\\\/inicio\\\/#website\",\"url\":\"https:\\\/\\\/izarbide.net\\\/inicio\\\/\",\"name\":\"IZARBIDE\",\"description\":\"Asociaci\u00f3n de Mayores Voluntarios en Inform\u00e1tica de Gipuzkoa - Gipuzkoako borondatezko adinekoen informatika arloko elkartea\",\"publisher\":{\"@id\":\"https:\\\/\\\/izarbide.net\\\/inicio\\\/#organization\"},\"potentialAction\":[{\"@type\":\"SearchAction\",\"target\":{\"@type\":\"EntryPoint\",\"urlTemplate\":\"https:\\\/\\\/izarbide.net\\\/inicio\\\/?s={search_term_string}\"},\"query-input\":{\"@type\":\"PropertyValueSpecification\",\"valueRequired\":true,\"valueName\":\"search_term_string\"}}],\"inLanguage\":\"es\"},{\"@type\":\"Organization\",\"@id\":\"https:\\\/\\\/izarbide.net\\\/inicio\\\/#organization\",\"name\":\"Izarbide\",\"url\":\"https:\\\/\\\/izarbide.net\\\/inicio\\\/\",\"logo\":{\"@type\":\"ImageObject\",\"inLanguage\":\"es\",\"@id\":\"https:\\\/\\\/izarbide.net\\\/inicio\\\/#\\\/schema\\\/logo\\\/image\\\/\",\"url\":\"https:\\\/\\\/izarbide.net\\\/wp-content\\\/uploads\\\/2017\\\/02\\\/Logo-IZARBIDE-Web.jpg\",\"contentUrl\":\"https:\\\/\\\/izarbide.net\\\/wp-content\\\/uploads\\\/2017\\\/02\\\/Logo-IZARBIDE-Web.jpg\",\"width\":205,\"height\":140,\"caption\":\"Izarbide\"},\"image\":{\"@id\":\"https:\\\/\\\/izarbide.net\\\/inicio\\\/#\\\/schema\\\/logo\\\/image\\\/\"}},{\"@type\":\"Person\",\"@id\":\"https:\\\/\\\/izarbide.net\\\/inicio\\\/#\\\/schema\\\/person\\\/5dc2bc054a0b461807b336c7b1006122\",\"name\":\"Marta Higuera Rubio\",\"image\":{\"@type\":\"ImageObject\",\"inLanguage\":\"es\",\"@id\":\"https:\\\/\\\/secure.gravatar.com\\\/avatar\\\/85addd7473d58d7732ec5106c06625fec3b9e871efc4a5bec592f7d50a26caa6?s=96&d=mm&r=g\",\"url\":\"https:\\\/\\\/secure.gravatar.com\\\/avatar\\\/85addd7473d58d7732ec5106c06625fec3b9e871efc4a5bec592f7d50a26caa6?s=96&d=mm&r=g\",\"contentUrl\":\"https:\\\/\\\/secure.gravatar.com\\\/avatar\\\/85addd7473d58d7732ec5106c06625fec3b9e871efc4a5bec592f7d50a26caa6?s=96&d=mm&r=g\",\"caption\":\"Marta Higuera Rubio\"},\"sameAs\":[\"http:\\\/\\\/www.izarbide.net\"]}]}<\/script>\n<!-- \/ Yoast SEO plugin. -->","yoast_head_json":{"title":"REUNI\u00d3N JUNTA DIRECTIVA - IZARBIDE","robots":{"index":"index","follow":"follow","max-snippet":"max-snippet:-1","max-image-preview":"max-image-preview:large","max-video-preview":"max-video-preview:-1"},"canonical":"https:\/\/izarbide.net\/inicio\/reunion-junta-directiva\/","og_locale":"es_ES","og_type":"article","og_title":"REUNI\u00d3N JUNTA DIRECTIVA - IZARBIDE","og_description":"El d\u00eda 7 de marzo tuvimos una reuni\u00f3n de la directiva de Izarbide en el aula Gure Bizitza de Donostia. Una compa\u00f1era de la ciberaula de Ir\u00fan ha preparado este precioso v\u00eddeo con las personas que asistimos. Sentimos mucho que nuestros compa\u00f1eros de Tolosa tuvieran que irse antes debido a otro compromiso y no est\u00e9n [&hellip;]","og_url":"https:\/\/izarbide.net\/inicio\/reunion-junta-directiva\/","og_site_name":"IZARBIDE","article_published_time":"2025-03-15T16:24:26+00:00","article_modified_time":"2025-03-18T15:16:57+00:00","og_image":[{"width":2560,"height":1152,"url":"https:\/\/izarbide.net\/wp-content\/uploads\/2025\/03\/2025-3-7-Reunion-Junta-Directiva-1-scaled.jpg","type":"image\/jpeg"}],"author":"Marta Higuera Rubio","twitter_card":"summary_large_image","twitter_misc":{"Escrito por":"Marta Higuera Rubio","Tiempo de lectura":"1 minuto"},"schema":{"@context":"https:\/\/schema.org","@graph":[{"@type":"Article","@id":"https:\/\/izarbide.net\/inicio\/reunion-junta-directiva\/#article","isPartOf":{"@id":"https:\/\/izarbide.net\/inicio\/reunion-junta-directiva\/"},"author":{"name":"Marta Higuera Rubio","@id":"https:\/\/izarbide.net\/inicio\/#\/schema\/person\/5dc2bc054a0b461807b336c7b1006122"},"headline":"REUNI\u00d3N JUNTA DIRECTIVA","datePublished":"2025-03-15T16:24:26+00:00","dateModified":"2025-03-18T15:16:57+00:00","mainEntityOfPage":{"@id":"https:\/\/izarbide.net\/inicio\/reunion-junta-directiva\/"},"wordCount":81,"commentCount":0,"publisher":{"@id":"https:\/\/izarbide.net\/inicio\/#organization"},"image":{"@id":"https:\/\/izarbide.net\/inicio\/reunion-junta-directiva\/#primaryimage"},"thumbnailUrl":"https:\/\/izarbide.net\/wp-content\/uploads\/2025\/03\/2025-3-7-Reunion-Junta-Directiva-1-scaled.jpg","keywords":["Asociaci\u00f3n Izarbide","Reuni\u00f3n Junta Directiva"],"articleSection":["Asociaci\u00f3n Izarbide"],"inLanguage":"es","potentialAction":[{"@type":"CommentAction","name":"Comment","target":["https:\/\/izarbide.net\/inicio\/reunion-junta-directiva\/#respond"]}]},{"@type":"WebPage","@id":"https:\/\/izarbide.net\/inicio\/reunion-junta-directiva\/","url":"https:\/\/izarbide.net\/inicio\/reunion-junta-directiva\/","name":"REUNI\u00d3N JUNTA DIRECTIVA - IZARBIDE","isPartOf":{"@id":"https:\/\/izarbide.net\/inicio\/#website"},"primaryImageOfPage":{"@id":"https:\/\/izarbide.net\/inicio\/reunion-junta-directiva\/#primaryimage"},"image":{"@id":"https:\/\/izarbide.net\/inicio\/reunion-junta-directiva\/#primaryimage"},"thumbnailUrl":"https:\/\/izarbide.net\/wp-content\/uploads\/2025\/03\/2025-3-7-Reunion-Junta-Directiva-1-scaled.jpg","datePublished":"2025-03-15T16:24:26+00:00","dateModified":"2025-03-18T15:16:57+00:00","breadcrumb":{"@id":"https:\/\/izarbide.net\/inicio\/reunion-junta-directiva\/#breadcrumb"},"inLanguage":"es","potentialAction":[{"@type":"ReadAction","target":["https:\/\/izarbide.net\/inicio\/reunion-junta-directiva\/"]}]},{"@type":"ImageObject","inLanguage":"es","@id":"https:\/\/izarbide.net\/inicio\/reunion-junta-directiva\/#primaryimage","url":"https:\/\/izarbide.net\/wp-content\/uploads\/2025\/03\/2025-3-7-Reunion-Junta-Directiva-1-scaled.jpg","contentUrl":"https:\/\/izarbide.net\/wp-content\/uploads\/2025\/03\/2025-3-7-Reunion-Junta-Directiva-1-scaled.jpg","width":2560,"height":1152,"caption":"2025-3-7 Reuni\u00f3n Junta Directiva"},{"@type":"BreadcrumbList","@id":"https:\/\/izarbide.net\/inicio\/reunion-junta-directiva\/#breadcrumb","itemListElement":[{"@type":"ListItem","position":1,"name":"Portada","item":"https:\/\/izarbide.net\/inicio\/"},{"@type":"ListItem","position":2,"name":"REUNI\u00d3N JUNTA DIRECTIVA"}]},{"@type":"WebSite","@id":"https:\/\/izarbide.net\/inicio\/#website","url":"https:\/\/izarbide.net\/inicio\/","name":"IZARBIDE","description":"Asociaci\u00f3n de Mayores Voluntarios en Inform\u00e1tica de Gipuzkoa - Gipuzkoako borondatezko adinekoen informatika arloko elkartea","publisher":{"@id":"https:\/\/izarbide.net\/inicio\/#organization"},"potentialAction":[{"@type":"SearchAction","target":{"@type":"EntryPoint","urlTemplate":"https:\/\/izarbide.net\/inicio\/?s={search_term_string}"},"query-input":{"@type":"PropertyValueSpecification","valueRequired":true,"valueName":"search_term_string"}}],"inLanguage":"es"},{"@type":"Organization","@id":"https:\/\/izarbide.net\/inicio\/#organization","name":"Izarbide","url":"https:\/\/izarbide.net\/inicio\/","logo":{"@type":"ImageObject","inLanguage":"es","@id":"https:\/\/izarbide.net\/inicio\/#\/schema\/logo\/image\/","url":"https:\/\/izarbide.net\/wp-content\/uploads\/2017\/02\/Logo-IZARBIDE-Web.jpg","contentUrl":"https:\/\/izarbide.net\/wp-content\/uploads\/2017\/02\/Logo-IZARBIDE-Web.jpg","width":205,"height":140,"caption":"Izarbide"},"image":{"@id":"https:\/\/izarbide.net\/inicio\/#\/schema\/logo\/image\/"}},{"@type":"Person","@id":"https:\/\/izarbide.net\/inicio\/#\/schema\/person\/5dc2bc054a0b461807b336c7b1006122","name":"Marta Higuera Rubio","image":{"@type":"ImageObject","inLanguage":"es","@id":"https:\/\/secure.gravatar.com\/avatar\/85addd7473d58d7732ec5106c06625fec3b9e871efc4a5bec592f7d50a26caa6?s=96&d=mm&r=g","url":"https:\/\/secure.gravatar.com\/avatar\/85addd7473d58d7732ec5106c06625fec3b9e871efc4a5bec592f7d50a26caa6?s=96&d=mm&r=g","contentUrl":"https:\/\/secure.gravatar.com\/avatar\/85addd7473d58d7732ec5106c06625fec3b9e871efc4a5bec592f7d50a26caa6?s=96&d=mm&r=g","caption":"Marta Higuera Rubio"},"sameAs":["http:\/\/www.izarbide.net"]}]}},"_links":{"self":[{"href":"https:\/\/izarbide.net\/inicio\/wp-json\/wp\/v2\/posts\/6257","targetHints":{"allow":["GET"]}}],"collection":[{"href":"https:\/\/izarbide.net\/inicio\/wp-json\/wp\/v2\/posts"}],"about":[{"href":"https:\/\/izarbide.net\/inicio\/wp-json\/wp\/v2\/types\/post"}],"author":[{"embeddable":true,"href":"https:\/\/izarbide.net\/inicio\/wp-json\/wp\/v2\/users\/10"}],"replies":[{"embeddable":true,"href":"https:\/\/izarbide.net\/inicio\/wp-json\/wp\/v2\/comments?post=6257"}],"version-history":[{"count":0,"href":"https:\/\/izarbide.net\/inicio\/wp-json\/wp\/v2\/posts\/6257\/revisions"}],"wp:featuredmedia":[{"embeddable":true,"href":"https:\/\/izarbide.net\/inicio\/wp-json\/wp\/v2\/media\/6262"}],"wp:attachment":[{"href":"https:\/\/izarbide.net\/inicio\/wp-json\/wp\/v2\/media?parent=6257"}],"wp:term":[{"taxonomy":"category","embeddable":true,"href":"https:\/\/izarbide.net\/inicio\/wp-json\/wp\/v2\/categories?post=6257"},{"taxonomy":"post_tag","embeddable":true,"href":"https:\/\/izarbide.net\/inicio\/wp-json\/wp\/v2\/tags?post=6257"}],"curies":[{"name":"wp","href":"https:\/\/api.w.org\/{rel}","templated":true}]}}