{"id":5349,"date":"2023-05-22T16:14:34","date_gmt":"2023-05-22T16:14:34","guid":{"rendered":"https:\/\/izarbide.net\/inicio\/?p=5349"},"modified":"2024-05-22T21:27:58","modified_gmt":"2024-05-22T21:27:58","slug":"izarbide-asamblea-general-ordinaria-2023","status":"publish","type":"post","link":"https:\/\/izarbide.net\/inicio\/izarbide-asamblea-general-ordinaria-2023\/","title":{"rendered":"IZARBIDE &#8211; ASAMBLEA GENERAL ORDINARIA 2023"},"content":{"rendered":"<p><a href=\"https:\/\/youtu.be\/YjHjR3kkDhU\" target=\"_blank\" rel=\"noopener\"><img loading=\"lazy\" decoding=\"async\" class=\"size-medium wp-image-5354 alignleft\" src=\"https:\/\/izarbide.net\/wp-content\/uploads\/2023\/05\/2023-Asamblea-General-Ordinaria-300x225.jpg\" alt=\"2023 Asamblea General Ordinaria\" width=\"300\" height=\"225\" srcset=\"https:\/\/izarbide.net\/wp-content\/uploads\/2023\/05\/2023-Asamblea-General-Ordinaria-300x225.jpg 300w, https:\/\/izarbide.net\/wp-content\/uploads\/2023\/05\/2023-Asamblea-General-Ordinaria-1024x769.jpg 1024w, https:\/\/izarbide.net\/wp-content\/uploads\/2023\/05\/2023-Asamblea-General-Ordinaria-768x577.jpg 768w, https:\/\/izarbide.net\/wp-content\/uploads\/2023\/05\/2023-Asamblea-General-Ordinaria-1536x1153.jpg 1536w, https:\/\/izarbide.net\/wp-content\/uploads\/2023\/05\/2023-Asamblea-General-Ordinaria-2048x1538.jpg 2048w\" sizes=\"auto, (max-width: 300px) 100vw, 300px\" \/><\/a><\/p>\n<p>&nbsp;<\/p>\n<p style=\"text-align: justify;\"><span style=\"font-family: arial, helvetica, sans-serif; font-size: 14pt;\">El d\u00eda 19 de mayo se ha celebrado la asamblea General Ordinaria de Izarbide. La cita ha sido, una vez m\u00e1s, en la Sociedad Fotogr\u00e1fica de Gipuzkoa.<\/span><\/p>\n<p style=\"text-align: justify;\"><span style=\"font-family: arial, helvetica, sans-serif; font-size: 14pt;\">Hemos asistido presencialmente 41 socias y socios y han sido delegados 36 votos, representando a las 11 ciberaulas de Gipuzkoa bajo la tutela de la Obra Social LaCaixa.\u00a0<\/span><\/p>\n<p>&nbsp;<\/p>\n<p><span style=\"font-family: arial, helvetica, sans-serif; font-size: 14pt;\">Representando a LaCaixa y Hartford han estado:<\/span><\/p>\n<p><span style=\"font-family: arial, helvetica, sans-serif; font-size: 14pt;\"><strong>David Velasco:<\/strong> Director Programa Personas Mayores, de Fundaci\u00f3n \u201cLaCaixa\u201d<\/span><\/p>\n<p><span style=\"font-family: arial, helvetica, sans-serif; font-size: 14pt;\"><strong>Alberto Abad:<\/strong> Responsable Zona Norte del Programa de Mayores \u201cLaCaixa\u201d<\/span><\/p>\n<p><span style=\"font-family: arial, helvetica, sans-serif; font-size: 14pt;\"><strong>Sonia S\u00e1enz:<\/strong> Fundaci\u00f3n \u201cLaCaixa\u201d<\/span><\/p>\n<p><span style=\"font-family: arial, helvetica, sans-serif; font-size: 14pt;\"><strong>Marif\u00e9 M\u00e9ndez:<\/strong> Hartford<\/span><\/p>\n<p><span style=\"font-family: arial, helvetica, sans-serif; font-size: 14pt;\"><strong>Arantxa B\u00f3veda:<\/strong> Hartford<\/span><\/p>\n<p><a href=\"https:\/\/izarbide.net\/wp-content\/uploads\/2023\/05\/2023-Sociedad-Fotografica-de-Donosti-scaled.jpg\"><img loading=\"lazy\" decoding=\"async\" class=\"size-medium wp-image-5355 alignright\" src=\"https:\/\/izarbide.net\/wp-content\/uploads\/2023\/05\/2023-Sociedad-Fotografica-de-Donosti-300x225.jpg\" alt=\"2023 Sociedad Fotogr\u00e1fica de Donosti\" width=\"300\" height=\"225\" srcset=\"https:\/\/izarbide.net\/wp-content\/uploads\/2023\/05\/2023-Sociedad-Fotografica-de-Donosti-300x225.jpg 300w, https:\/\/izarbide.net\/wp-content\/uploads\/2023\/05\/2023-Sociedad-Fotografica-de-Donosti-1024x769.jpg 1024w, https:\/\/izarbide.net\/wp-content\/uploads\/2023\/05\/2023-Sociedad-Fotografica-de-Donosti-768x577.jpg 768w, https:\/\/izarbide.net\/wp-content\/uploads\/2023\/05\/2023-Sociedad-Fotografica-de-Donosti-1536x1153.jpg 1536w, https:\/\/izarbide.net\/wp-content\/uploads\/2023\/05\/2023-Sociedad-Fotografica-de-Donosti-2048x1538.jpg 2048w\" sizes=\"auto, (max-width: 300px) 100vw, 300px\" \/><\/a><\/p>\n<p>&nbsp;<\/p>\n<p><span style=\"font-family: arial, helvetica, sans-serif; font-size: 14pt;\">En est\u00e1, se ha aprobado el Acta de la Asamblea General Ordinaria celebrada el 6-5-2022.<\/span><\/p>\n<p style=\"text-align: justify;\"><span style=\"font-family: arial, helvetica, sans-serif; font-size: 14pt;\">Se han aprobado las cuentas anuales de la asociaci\u00f3n, relativas al ejercicio 2022.<\/span><\/p>\n<p style=\"text-align: justify;\"><span style=\"font-family: arial, helvetica, sans-serif; font-size: 14pt;\">Se ha hecho un resumen de las actividades realizadas en el ejercicio 2022.<\/span><\/p>\n<p style=\"text-align: justify;\"><span style=\"font-family: arial, helvetica, sans-serif; font-size: 14pt;\">Se ha expuesto el presupuesto para el 2023.<\/span><\/p>\n<p style=\"text-align: justify;\"><span style=\"font-family: arial, helvetica, sans-serif; font-size: 14pt;\">Hemos concluido el acto con ruegos y preguntas.<\/span><\/p>\n<p>&nbsp;<\/p>\n<p><a href=\"https:\/\/youtu.be\/YjHjR3kkDhU\" target=\"_blank\" rel=\"noopener\"><span style=\"font-family: arial, helvetica, sans-serif; font-size: 14pt;\"><strong>Aqu\u00ed podeis ver el v\u00eddeo<\/strong><\/span><\/a><\/p>\n<p>&nbsp;<\/p>\n<p>&nbsp;<\/p>\n<p>&nbsp;<\/p>\n<p>&nbsp;<\/p>\n","protected":false},"excerpt":{"rendered":"<p>&nbsp; El d\u00eda 19 de mayo se ha celebrado la asamblea General Ordinaria de Izarbide. La cita ha sido, una vez m\u00e1s, en la Sociedad Fotogr\u00e1fica de Gipuzkoa. Hemos asistido presencialmente 41 socias y socios y han sido delegados 36 votos, representando a las 11 ciberaulas de Gipuzkoa bajo la tutela de la Obra Social [&hellip;]<\/p>\n","protected":false},"author":10,"featured_media":5353,"comment_status":"open","ping_status":"open","sticky":false,"template":"","format":"standard","meta":{"footnotes":""},"categories":[464],"tags":[363,552,979,536],"class_list":{"0":"post-5349","1":"post","2":"type-post","3":"status-publish","4":"format-standard","5":"has-post-thumbnail","7":"category-asociacion-izarbide","8":"tag-asamblea-general","9":"tag-asociacion-izarbide","10":"tag-hartford","11":"tag-la-caixa","12":"czr-hentry"},"yoast_head":"<!-- This site is optimized with the Yoast SEO plugin v27.5 - https:\/\/yoast.com\/product\/yoast-seo-wordpress\/ -->\n<title>IZARBIDE - ASAMBLEA GENERAL ORDINARIA 2023 - IZARBIDE<\/title>\n<meta name=\"robots\" content=\"index, follow, max-snippet:-1, max-image-preview:large, max-video-preview:-1\" \/>\n<link rel=\"canonical\" href=\"https:\/\/izarbide.net\/inicio\/izarbide-asamblea-general-ordinaria-2023\/\" \/>\n<meta property=\"og:locale\" content=\"es_ES\" \/>\n<meta property=\"og:type\" content=\"article\" \/>\n<meta property=\"og:title\" content=\"IZARBIDE - ASAMBLEA GENERAL ORDINARIA 2023 - IZARBIDE\" \/>\n<meta property=\"og:description\" content=\"&nbsp; El d\u00eda 19 de mayo se ha celebrado la asamblea General Ordinaria de Izarbide. La cita ha sido, una vez m\u00e1s, en la Sociedad Fotogr\u00e1fica de Gipuzkoa. Hemos asistido presencialmente 41 socias y socios y han sido delegados 36 votos, representando a las 11 ciberaulas de Gipuzkoa bajo la tutela de la Obra Social [&hellip;]\" \/>\n<meta property=\"og:url\" content=\"https:\/\/izarbide.net\/inicio\/izarbide-asamblea-general-ordinaria-2023\/\" \/>\n<meta property=\"og:site_name\" content=\"IZARBIDE\" \/>\n<meta property=\"article:published_time\" content=\"2023-05-22T16:14:34+00:00\" \/>\n<meta property=\"article:modified_time\" content=\"2024-05-22T21:27:58+00:00\" \/>\n<meta property=\"og:image\" content=\"https:\/\/izarbide.net\/wp-content\/uploads\/2023\/05\/Sociedad-Fotografica-Donosti-Asamblea-General-Ordinaria-2023-scaled.jpg\" \/>\n\t<meta property=\"og:image:width\" content=\"2560\" \/>\n\t<meta property=\"og:image:height\" content=\"1922\" \/>\n\t<meta property=\"og:image:type\" content=\"image\/jpeg\" \/>\n<meta name=\"author\" content=\"Marta Higuera Rubio\" \/>\n<meta name=\"twitter:card\" content=\"summary_large_image\" \/>\n<meta name=\"twitter:label1\" content=\"Escrito por\" \/>\n\t<meta name=\"twitter:data1\" content=\"Marta Higuera Rubio\" \/>\n\t<meta name=\"twitter:label2\" content=\"Tiempo de lectura\" \/>\n\t<meta name=\"twitter:data2\" content=\"2 minutos\" \/>\n<script type=\"application\/ld+json\" class=\"yoast-schema-graph\">{\"@context\":\"https:\\\/\\\/schema.org\",\"@graph\":[{\"@type\":\"Article\",\"@id\":\"https:\\\/\\\/izarbide.net\\\/inicio\\\/izarbide-asamblea-general-ordinaria-2023\\\/#article\",\"isPartOf\":{\"@id\":\"https:\\\/\\\/izarbide.net\\\/inicio\\\/izarbide-asamblea-general-ordinaria-2023\\\/\"},\"author\":{\"name\":\"Marta Higuera Rubio\",\"@id\":\"https:\\\/\\\/izarbide.net\\\/inicio\\\/#\\\/schema\\\/person\\\/5dc2bc054a0b461807b336c7b1006122\"},\"headline\":\"IZARBIDE &#8211; ASAMBLEA GENERAL ORDINARIA 2023\",\"datePublished\":\"2023-05-22T16:14:34+00:00\",\"dateModified\":\"2024-05-22T21:27:58+00:00\",\"mainEntityOfPage\":{\"@id\":\"https:\\\/\\\/izarbide.net\\\/inicio\\\/izarbide-asamblea-general-ordinaria-2023\\\/\"},\"wordCount\":170,\"commentCount\":0,\"publisher\":{\"@id\":\"https:\\\/\\\/izarbide.net\\\/inicio\\\/#organization\"},\"image\":{\"@id\":\"https:\\\/\\\/izarbide.net\\\/inicio\\\/izarbide-asamblea-general-ordinaria-2023\\\/#primaryimage\"},\"thumbnailUrl\":\"https:\\\/\\\/izarbide.net\\\/wp-content\\\/uploads\\\/2023\\\/05\\\/Sociedad-Fotografica-Donosti-Asamblea-General-Ordinaria-2023-scaled.jpg\",\"keywords\":[\"Asamblea general\",\"Asociaci\u00f3n Izarbide\",\"Hartford\",\"La Caixa\"],\"articleSection\":[\"Asociaci\u00f3n Izarbide\"],\"inLanguage\":\"es\",\"potentialAction\":[{\"@type\":\"CommentAction\",\"name\":\"Comment\",\"target\":[\"https:\\\/\\\/izarbide.net\\\/inicio\\\/izarbide-asamblea-general-ordinaria-2023\\\/#respond\"]}]},{\"@type\":\"WebPage\",\"@id\":\"https:\\\/\\\/izarbide.net\\\/inicio\\\/izarbide-asamblea-general-ordinaria-2023\\\/\",\"url\":\"https:\\\/\\\/izarbide.net\\\/inicio\\\/izarbide-asamblea-general-ordinaria-2023\\\/\",\"name\":\"IZARBIDE - ASAMBLEA GENERAL ORDINARIA 2023 - IZARBIDE\",\"isPartOf\":{\"@id\":\"https:\\\/\\\/izarbide.net\\\/inicio\\\/#website\"},\"primaryImageOfPage\":{\"@id\":\"https:\\\/\\\/izarbide.net\\\/inicio\\\/izarbide-asamblea-general-ordinaria-2023\\\/#primaryimage\"},\"image\":{\"@id\":\"https:\\\/\\\/izarbide.net\\\/inicio\\\/izarbide-asamblea-general-ordinaria-2023\\\/#primaryimage\"},\"thumbnailUrl\":\"https:\\\/\\\/izarbide.net\\\/wp-content\\\/uploads\\\/2023\\\/05\\\/Sociedad-Fotografica-Donosti-Asamblea-General-Ordinaria-2023-scaled.jpg\",\"datePublished\":\"2023-05-22T16:14:34+00:00\",\"dateModified\":\"2024-05-22T21:27:58+00:00\",\"breadcrumb\":{\"@id\":\"https:\\\/\\\/izarbide.net\\\/inicio\\\/izarbide-asamblea-general-ordinaria-2023\\\/#breadcrumb\"},\"inLanguage\":\"es\",\"potentialAction\":[{\"@type\":\"ReadAction\",\"target\":[\"https:\\\/\\\/izarbide.net\\\/inicio\\\/izarbide-asamblea-general-ordinaria-2023\\\/\"]}]},{\"@type\":\"ImageObject\",\"inLanguage\":\"es\",\"@id\":\"https:\\\/\\\/izarbide.net\\\/inicio\\\/izarbide-asamblea-general-ordinaria-2023\\\/#primaryimage\",\"url\":\"https:\\\/\\\/izarbide.net\\\/wp-content\\\/uploads\\\/2023\\\/05\\\/Sociedad-Fotografica-Donosti-Asamblea-General-Ordinaria-2023-scaled.jpg\",\"contentUrl\":\"https:\\\/\\\/izarbide.net\\\/wp-content\\\/uploads\\\/2023\\\/05\\\/Sociedad-Fotografica-Donosti-Asamblea-General-Ordinaria-2023-scaled.jpg\",\"width\":2560,\"height\":1922,\"caption\":\"Sociedad Fotogr\u00e1fica Donosti - Asamblea General Ordinaria 2023\"},{\"@type\":\"BreadcrumbList\",\"@id\":\"https:\\\/\\\/izarbide.net\\\/inicio\\\/izarbide-asamblea-general-ordinaria-2023\\\/#breadcrumb\",\"itemListElement\":[{\"@type\":\"ListItem\",\"position\":1,\"name\":\"Portada\",\"item\":\"https:\\\/\\\/izarbide.net\\\/inicio\\\/\"},{\"@type\":\"ListItem\",\"position\":2,\"name\":\"IZARBIDE &#8211; ASAMBLEA GENERAL ORDINARIA 2023\"}]},{\"@type\":\"WebSite\",\"@id\":\"https:\\\/\\\/izarbide.net\\\/inicio\\\/#website\",\"url\":\"https:\\\/\\\/izarbide.net\\\/inicio\\\/\",\"name\":\"IZARBIDE\",\"description\":\"Asociaci\u00f3n de Mayores Voluntarios en Inform\u00e1tica de Gipuzkoa - Gipuzkoako borondatezko adinekoen informatika arloko elkartea\",\"publisher\":{\"@id\":\"https:\\\/\\\/izarbide.net\\\/inicio\\\/#organization\"},\"potentialAction\":[{\"@type\":\"SearchAction\",\"target\":{\"@type\":\"EntryPoint\",\"urlTemplate\":\"https:\\\/\\\/izarbide.net\\\/inicio\\\/?s={search_term_string}\"},\"query-input\":{\"@type\":\"PropertyValueSpecification\",\"valueRequired\":true,\"valueName\":\"search_term_string\"}}],\"inLanguage\":\"es\"},{\"@type\":\"Organization\",\"@id\":\"https:\\\/\\\/izarbide.net\\\/inicio\\\/#organization\",\"name\":\"Izarbide\",\"url\":\"https:\\\/\\\/izarbide.net\\\/inicio\\\/\",\"logo\":{\"@type\":\"ImageObject\",\"inLanguage\":\"es\",\"@id\":\"https:\\\/\\\/izarbide.net\\\/inicio\\\/#\\\/schema\\\/logo\\\/image\\\/\",\"url\":\"https:\\\/\\\/izarbide.net\\\/wp-content\\\/uploads\\\/2017\\\/02\\\/Logo-IZARBIDE-Web.jpg\",\"contentUrl\":\"https:\\\/\\\/izarbide.net\\\/wp-content\\\/uploads\\\/2017\\\/02\\\/Logo-IZARBIDE-Web.jpg\",\"width\":205,\"height\":140,\"caption\":\"Izarbide\"},\"image\":{\"@id\":\"https:\\\/\\\/izarbide.net\\\/inicio\\\/#\\\/schema\\\/logo\\\/image\\\/\"}},{\"@type\":\"Person\",\"@id\":\"https:\\\/\\\/izarbide.net\\\/inicio\\\/#\\\/schema\\\/person\\\/5dc2bc054a0b461807b336c7b1006122\",\"name\":\"Marta Higuera Rubio\",\"image\":{\"@type\":\"ImageObject\",\"inLanguage\":\"es\",\"@id\":\"https:\\\/\\\/secure.gravatar.com\\\/avatar\\\/85addd7473d58d7732ec5106c06625fec3b9e871efc4a5bec592f7d50a26caa6?s=96&d=mm&r=g\",\"url\":\"https:\\\/\\\/secure.gravatar.com\\\/avatar\\\/85addd7473d58d7732ec5106c06625fec3b9e871efc4a5bec592f7d50a26caa6?s=96&d=mm&r=g\",\"contentUrl\":\"https:\\\/\\\/secure.gravatar.com\\\/avatar\\\/85addd7473d58d7732ec5106c06625fec3b9e871efc4a5bec592f7d50a26caa6?s=96&d=mm&r=g\",\"caption\":\"Marta Higuera Rubio\"},\"sameAs\":[\"http:\\\/\\\/www.izarbide.net\"]}]}<\/script>\n<!-- \/ Yoast SEO plugin. -->","yoast_head_json":{"title":"IZARBIDE - ASAMBLEA GENERAL ORDINARIA 2023 - IZARBIDE","robots":{"index":"index","follow":"follow","max-snippet":"max-snippet:-1","max-image-preview":"max-image-preview:large","max-video-preview":"max-video-preview:-1"},"canonical":"https:\/\/izarbide.net\/inicio\/izarbide-asamblea-general-ordinaria-2023\/","og_locale":"es_ES","og_type":"article","og_title":"IZARBIDE - ASAMBLEA GENERAL ORDINARIA 2023 - IZARBIDE","og_description":"&nbsp; El d\u00eda 19 de mayo se ha celebrado la asamblea General Ordinaria de Izarbide. La cita ha sido, una vez m\u00e1s, en la Sociedad Fotogr\u00e1fica de Gipuzkoa. Hemos asistido presencialmente 41 socias y socios y han sido delegados 36 votos, representando a las 11 ciberaulas de Gipuzkoa bajo la tutela de la Obra Social [&hellip;]","og_url":"https:\/\/izarbide.net\/inicio\/izarbide-asamblea-general-ordinaria-2023\/","og_site_name":"IZARBIDE","article_published_time":"2023-05-22T16:14:34+00:00","article_modified_time":"2024-05-22T21:27:58+00:00","og_image":[{"width":2560,"height":1922,"url":"https:\/\/izarbide.net\/wp-content\/uploads\/2023\/05\/Sociedad-Fotografica-Donosti-Asamblea-General-Ordinaria-2023-scaled.jpg","type":"image\/jpeg"}],"author":"Marta Higuera Rubio","twitter_card":"summary_large_image","twitter_misc":{"Escrito por":"Marta Higuera Rubio","Tiempo de lectura":"2 minutos"},"schema":{"@context":"https:\/\/schema.org","@graph":[{"@type":"Article","@id":"https:\/\/izarbide.net\/inicio\/izarbide-asamblea-general-ordinaria-2023\/#article","isPartOf":{"@id":"https:\/\/izarbide.net\/inicio\/izarbide-asamblea-general-ordinaria-2023\/"},"author":{"name":"Marta Higuera Rubio","@id":"https:\/\/izarbide.net\/inicio\/#\/schema\/person\/5dc2bc054a0b461807b336c7b1006122"},"headline":"IZARBIDE &#8211; ASAMBLEA GENERAL ORDINARIA 2023","datePublished":"2023-05-22T16:14:34+00:00","dateModified":"2024-05-22T21:27:58+00:00","mainEntityOfPage":{"@id":"https:\/\/izarbide.net\/inicio\/izarbide-asamblea-general-ordinaria-2023\/"},"wordCount":170,"commentCount":0,"publisher":{"@id":"https:\/\/izarbide.net\/inicio\/#organization"},"image":{"@id":"https:\/\/izarbide.net\/inicio\/izarbide-asamblea-general-ordinaria-2023\/#primaryimage"},"thumbnailUrl":"https:\/\/izarbide.net\/wp-content\/uploads\/2023\/05\/Sociedad-Fotografica-Donosti-Asamblea-General-Ordinaria-2023-scaled.jpg","keywords":["Asamblea general","Asociaci\u00f3n Izarbide","Hartford","La Caixa"],"articleSection":["Asociaci\u00f3n Izarbide"],"inLanguage":"es","potentialAction":[{"@type":"CommentAction","name":"Comment","target":["https:\/\/izarbide.net\/inicio\/izarbide-asamblea-general-ordinaria-2023\/#respond"]}]},{"@type":"WebPage","@id":"https:\/\/izarbide.net\/inicio\/izarbide-asamblea-general-ordinaria-2023\/","url":"https:\/\/izarbide.net\/inicio\/izarbide-asamblea-general-ordinaria-2023\/","name":"IZARBIDE - ASAMBLEA GENERAL ORDINARIA 2023 - IZARBIDE","isPartOf":{"@id":"https:\/\/izarbide.net\/inicio\/#website"},"primaryImageOfPage":{"@id":"https:\/\/izarbide.net\/inicio\/izarbide-asamblea-general-ordinaria-2023\/#primaryimage"},"image":{"@id":"https:\/\/izarbide.net\/inicio\/izarbide-asamblea-general-ordinaria-2023\/#primaryimage"},"thumbnailUrl":"https:\/\/izarbide.net\/wp-content\/uploads\/2023\/05\/Sociedad-Fotografica-Donosti-Asamblea-General-Ordinaria-2023-scaled.jpg","datePublished":"2023-05-22T16:14:34+00:00","dateModified":"2024-05-22T21:27:58+00:00","breadcrumb":{"@id":"https:\/\/izarbide.net\/inicio\/izarbide-asamblea-general-ordinaria-2023\/#breadcrumb"},"inLanguage":"es","potentialAction":[{"@type":"ReadAction","target":["https:\/\/izarbide.net\/inicio\/izarbide-asamblea-general-ordinaria-2023\/"]}]},{"@type":"ImageObject","inLanguage":"es","@id":"https:\/\/izarbide.net\/inicio\/izarbide-asamblea-general-ordinaria-2023\/#primaryimage","url":"https:\/\/izarbide.net\/wp-content\/uploads\/2023\/05\/Sociedad-Fotografica-Donosti-Asamblea-General-Ordinaria-2023-scaled.jpg","contentUrl":"https:\/\/izarbide.net\/wp-content\/uploads\/2023\/05\/Sociedad-Fotografica-Donosti-Asamblea-General-Ordinaria-2023-scaled.jpg","width":2560,"height":1922,"caption":"Sociedad Fotogr\u00e1fica Donosti - Asamblea General Ordinaria 2023"},{"@type":"BreadcrumbList","@id":"https:\/\/izarbide.net\/inicio\/izarbide-asamblea-general-ordinaria-2023\/#breadcrumb","itemListElement":[{"@type":"ListItem","position":1,"name":"Portada","item":"https:\/\/izarbide.net\/inicio\/"},{"@type":"ListItem","position":2,"name":"IZARBIDE &#8211; ASAMBLEA GENERAL ORDINARIA 2023"}]},{"@type":"WebSite","@id":"https:\/\/izarbide.net\/inicio\/#website","url":"https:\/\/izarbide.net\/inicio\/","name":"IZARBIDE","description":"Asociaci\u00f3n de Mayores Voluntarios en Inform\u00e1tica de Gipuzkoa - Gipuzkoako borondatezko adinekoen informatika arloko elkartea","publisher":{"@id":"https:\/\/izarbide.net\/inicio\/#organization"},"potentialAction":[{"@type":"SearchAction","target":{"@type":"EntryPoint","urlTemplate":"https:\/\/izarbide.net\/inicio\/?s={search_term_string}"},"query-input":{"@type":"PropertyValueSpecification","valueRequired":true,"valueName":"search_term_string"}}],"inLanguage":"es"},{"@type":"Organization","@id":"https:\/\/izarbide.net\/inicio\/#organization","name":"Izarbide","url":"https:\/\/izarbide.net\/inicio\/","logo":{"@type":"ImageObject","inLanguage":"es","@id":"https:\/\/izarbide.net\/inicio\/#\/schema\/logo\/image\/","url":"https:\/\/izarbide.net\/wp-content\/uploads\/2017\/02\/Logo-IZARBIDE-Web.jpg","contentUrl":"https:\/\/izarbide.net\/wp-content\/uploads\/2017\/02\/Logo-IZARBIDE-Web.jpg","width":205,"height":140,"caption":"Izarbide"},"image":{"@id":"https:\/\/izarbide.net\/inicio\/#\/schema\/logo\/image\/"}},{"@type":"Person","@id":"https:\/\/izarbide.net\/inicio\/#\/schema\/person\/5dc2bc054a0b461807b336c7b1006122","name":"Marta Higuera Rubio","image":{"@type":"ImageObject","inLanguage":"es","@id":"https:\/\/secure.gravatar.com\/avatar\/85addd7473d58d7732ec5106c06625fec3b9e871efc4a5bec592f7d50a26caa6?s=96&d=mm&r=g","url":"https:\/\/secure.gravatar.com\/avatar\/85addd7473d58d7732ec5106c06625fec3b9e871efc4a5bec592f7d50a26caa6?s=96&d=mm&r=g","contentUrl":"https:\/\/secure.gravatar.com\/avatar\/85addd7473d58d7732ec5106c06625fec3b9e871efc4a5bec592f7d50a26caa6?s=96&d=mm&r=g","caption":"Marta Higuera Rubio"},"sameAs":["http:\/\/www.izarbide.net"]}]}},"_links":{"self":[{"href":"https:\/\/izarbide.net\/inicio\/wp-json\/wp\/v2\/posts\/5349","targetHints":{"allow":["GET"]}}],"collection":[{"href":"https:\/\/izarbide.net\/inicio\/wp-json\/wp\/v2\/posts"}],"about":[{"href":"https:\/\/izarbide.net\/inicio\/wp-json\/wp\/v2\/types\/post"}],"author":[{"embeddable":true,"href":"https:\/\/izarbide.net\/inicio\/wp-json\/wp\/v2\/users\/10"}],"replies":[{"embeddable":true,"href":"https:\/\/izarbide.net\/inicio\/wp-json\/wp\/v2\/comments?post=5349"}],"version-history":[{"count":0,"href":"https:\/\/izarbide.net\/inicio\/wp-json\/wp\/v2\/posts\/5349\/revisions"}],"wp:featuredmedia":[{"embeddable":true,"href":"https:\/\/izarbide.net\/inicio\/wp-json\/wp\/v2\/media\/5353"}],"wp:attachment":[{"href":"https:\/\/izarbide.net\/inicio\/wp-json\/wp\/v2\/media?parent=5349"}],"wp:term":[{"taxonomy":"category","embeddable":true,"href":"https:\/\/izarbide.net\/inicio\/wp-json\/wp\/v2\/categories?post=5349"},{"taxonomy":"post_tag","embeddable":true,"href":"https:\/\/izarbide.net\/inicio\/wp-json\/wp\/v2\/tags?post=5349"}],"curies":[{"name":"wp","href":"https:\/\/api.w.org\/{rel}","templated":true}]}}