{"id":5000,"date":"2022-11-14T19:16:41","date_gmt":"2022-11-14T19:16:41","guid":{"rendered":"https:\/\/izarbide.net\/inicio\/?p=5000"},"modified":"2022-11-14T19:17:49","modified_gmt":"2022-11-14T19:17:49","slug":"gaztainerre-en-eibar","status":"publish","type":"post","link":"https:\/\/izarbide.net\/inicio\/gaztainerre-en-eibar\/","title":{"rendered":"GAZTAINERRE EN EIBAR"},"content":{"rendered":"<p><span style=\"font-family: arial, helvetica, sans-serif; font-size: 14pt;\">En Eibar es tradici\u00f3n celebrar el d\u00eda de \u00abGAZTAINERRE\u00bb (d\u00eda de las casta\u00f1as asadas).<\/span><\/p>\n<p><span style=\"font-family: arial, helvetica, sans-serif; font-size: 14pt;\">Este d\u00eda nunca tiene una fecha fija, siempre se celebra el segundo lunes siguiente al d\u00eda de Animas (2 de noviembre).<\/span><\/p>\n<p><span style=\"font-family: arial, helvetica, sans-serif; font-size: 14pt;\">En el Centro Social Untzaga todos los a\u00f1os se asan casta\u00f1as, en ello participa nuestro compa\u00f1ero Mateo Guilabert, y estas luego se reparten entre las\/os socias\/os que acuden.<\/span><\/p>\n<p>&nbsp;<\/p>\n<p>&nbsp;<\/p>\n","protected":false},"excerpt":{"rendered":"<p>En Eibar es tradici\u00f3n celebrar el d\u00eda de \u00abGAZTAINERRE\u00bb (d\u00eda de las casta\u00f1as asadas). Este d\u00eda nunca tiene una fecha fija, siempre se celebra el segundo lunes siguiente al d\u00eda de Animas (2 de noviembre). En el Centro Social Untzaga todos los a\u00f1os se asan casta\u00f1as, en ello participa nuestro compa\u00f1ero Mateo Guilabert, y estas [&hellip;]<\/p>\n","protected":false},"author":10,"featured_media":5001,"comment_status":"open","ping_status":"open","sticky":false,"template":"","format":"standard","meta":{"footnotes":""},"categories":[466],"tags":[923,921,458],"class_list":{"0":"post-5000","1":"post","2":"type-post","3":"status-publish","4":"format-standard","5":"has-post-thumbnail","7":"category-izarbide-eibar","8":"tag-centro-social-untzaga","9":"tag-gaztainerre","10":"tag-izarbide-eibar","11":"czr-hentry"},"yoast_head":"<!-- This site is optimized with the Yoast SEO plugin v27.4 - https:\/\/yoast.com\/product\/yoast-seo-wordpress\/ -->\n<title>GAZTAINERRE EN EIBAR - IZARBIDE<\/title>\n<meta name=\"robots\" content=\"index, follow, max-snippet:-1, max-image-preview:large, max-video-preview:-1\" \/>\n<link rel=\"canonical\" href=\"https:\/\/izarbide.net\/inicio\/gaztainerre-en-eibar\/\" \/>\n<meta property=\"og:locale\" content=\"es_ES\" \/>\n<meta property=\"og:type\" content=\"article\" \/>\n<meta property=\"og:title\" content=\"GAZTAINERRE EN EIBAR - IZARBIDE\" \/>\n<meta property=\"og:description\" content=\"En Eibar es tradici\u00f3n celebrar el d\u00eda de \u00abGAZTAINERRE\u00bb (d\u00eda de las casta\u00f1as asadas). Este d\u00eda nunca tiene una fecha fija, siempre se celebra el segundo lunes siguiente al d\u00eda de Animas (2 de noviembre). En el Centro Social Untzaga todos los a\u00f1os se asan casta\u00f1as, en ello participa nuestro compa\u00f1ero Mateo Guilabert, y estas [&hellip;]\" \/>\n<meta property=\"og:url\" content=\"https:\/\/izarbide.net\/inicio\/gaztainerre-en-eibar\/\" \/>\n<meta property=\"og:site_name\" content=\"IZARBIDE\" \/>\n<meta property=\"article:published_time\" content=\"2022-11-14T19:16:41+00:00\" \/>\n<meta property=\"article:modified_time\" content=\"2022-11-14T19:17:49+00:00\" \/>\n<meta property=\"og:image\" content=\"https:\/\/izarbide.net\/wp-content\/uploads\/2022\/11\/Gaztainerre-en-Eibar.jpg\" \/>\n\t<meta property=\"og:image:width\" content=\"1496\" \/>\n\t<meta property=\"og:image:height\" content=\"2000\" \/>\n\t<meta property=\"og:image:type\" content=\"image\/jpeg\" \/>\n<meta name=\"author\" content=\"Marta Higuera Rubio\" \/>\n<meta name=\"twitter:card\" content=\"summary_large_image\" \/>\n<meta name=\"twitter:label1\" content=\"Escrito por\" \/>\n\t<meta name=\"twitter:data1\" content=\"Marta Higuera Rubio\" \/>\n\t<meta name=\"twitter:label2\" content=\"Tiempo de lectura\" \/>\n\t<meta name=\"twitter:data2\" content=\"1 minuto\" \/>\n<script type=\"application\/ld+json\" class=\"yoast-schema-graph\">{\"@context\":\"https:\\\/\\\/schema.org\",\"@graph\":[{\"@type\":\"Article\",\"@id\":\"https:\\\/\\\/izarbide.net\\\/inicio\\\/gaztainerre-en-eibar\\\/#article\",\"isPartOf\":{\"@id\":\"https:\\\/\\\/izarbide.net\\\/inicio\\\/gaztainerre-en-eibar\\\/\"},\"author\":{\"name\":\"Marta Higuera Rubio\",\"@id\":\"https:\\\/\\\/izarbide.net\\\/inicio\\\/#\\\/schema\\\/person\\\/5dc2bc054a0b461807b336c7b1006122\"},\"headline\":\"GAZTAINERRE EN EIBAR\",\"datePublished\":\"2022-11-14T19:16:41+00:00\",\"dateModified\":\"2022-11-14T19:17:49+00:00\",\"mainEntityOfPage\":{\"@id\":\"https:\\\/\\\/izarbide.net\\\/inicio\\\/gaztainerre-en-eibar\\\/\"},\"wordCount\":78,\"commentCount\":0,\"publisher\":{\"@id\":\"https:\\\/\\\/izarbide.net\\\/inicio\\\/#organization\"},\"image\":{\"@id\":\"https:\\\/\\\/izarbide.net\\\/inicio\\\/gaztainerre-en-eibar\\\/#primaryimage\"},\"thumbnailUrl\":\"https:\\\/\\\/izarbide.net\\\/wp-content\\\/uploads\\\/2022\\\/11\\\/Gaztainerre-en-Eibar.jpg\",\"keywords\":[\"Centro Social Untzaga\",\"Gaztainerre\",\"Izarbide Eibar\"],\"articleSection\":[\"Izarbide Eibar\"],\"inLanguage\":\"es\",\"potentialAction\":[{\"@type\":\"CommentAction\",\"name\":\"Comment\",\"target\":[\"https:\\\/\\\/izarbide.net\\\/inicio\\\/gaztainerre-en-eibar\\\/#respond\"]}]},{\"@type\":\"WebPage\",\"@id\":\"https:\\\/\\\/izarbide.net\\\/inicio\\\/gaztainerre-en-eibar\\\/\",\"url\":\"https:\\\/\\\/izarbide.net\\\/inicio\\\/gaztainerre-en-eibar\\\/\",\"name\":\"GAZTAINERRE EN EIBAR - IZARBIDE\",\"isPartOf\":{\"@id\":\"https:\\\/\\\/izarbide.net\\\/inicio\\\/#website\"},\"primaryImageOfPage\":{\"@id\":\"https:\\\/\\\/izarbide.net\\\/inicio\\\/gaztainerre-en-eibar\\\/#primaryimage\"},\"image\":{\"@id\":\"https:\\\/\\\/izarbide.net\\\/inicio\\\/gaztainerre-en-eibar\\\/#primaryimage\"},\"thumbnailUrl\":\"https:\\\/\\\/izarbide.net\\\/wp-content\\\/uploads\\\/2022\\\/11\\\/Gaztainerre-en-Eibar.jpg\",\"datePublished\":\"2022-11-14T19:16:41+00:00\",\"dateModified\":\"2022-11-14T19:17:49+00:00\",\"breadcrumb\":{\"@id\":\"https:\\\/\\\/izarbide.net\\\/inicio\\\/gaztainerre-en-eibar\\\/#breadcrumb\"},\"inLanguage\":\"es\",\"potentialAction\":[{\"@type\":\"ReadAction\",\"target\":[\"https:\\\/\\\/izarbide.net\\\/inicio\\\/gaztainerre-en-eibar\\\/\"]}]},{\"@type\":\"ImageObject\",\"inLanguage\":\"es\",\"@id\":\"https:\\\/\\\/izarbide.net\\\/inicio\\\/gaztainerre-en-eibar\\\/#primaryimage\",\"url\":\"https:\\\/\\\/izarbide.net\\\/wp-content\\\/uploads\\\/2022\\\/11\\\/Gaztainerre-en-Eibar.jpg\",\"contentUrl\":\"https:\\\/\\\/izarbide.net\\\/wp-content\\\/uploads\\\/2022\\\/11\\\/Gaztainerre-en-Eibar.jpg\",\"width\":1496,\"height\":2000,\"caption\":\"Gaztainerre en Eibar\"},{\"@type\":\"BreadcrumbList\",\"@id\":\"https:\\\/\\\/izarbide.net\\\/inicio\\\/gaztainerre-en-eibar\\\/#breadcrumb\",\"itemListElement\":[{\"@type\":\"ListItem\",\"position\":1,\"name\":\"Portada\",\"item\":\"https:\\\/\\\/izarbide.net\\\/inicio\\\/\"},{\"@type\":\"ListItem\",\"position\":2,\"name\":\"GAZTAINERRE EN EIBAR\"}]},{\"@type\":\"WebSite\",\"@id\":\"https:\\\/\\\/izarbide.net\\\/inicio\\\/#website\",\"url\":\"https:\\\/\\\/izarbide.net\\\/inicio\\\/\",\"name\":\"IZARBIDE\",\"description\":\"Asociaci\u00f3n de Mayores Voluntarios en Inform\u00e1tica de Gipuzkoa - Gipuzkoako borondatezko adinekoen informatika arloko elkartea\",\"publisher\":{\"@id\":\"https:\\\/\\\/izarbide.net\\\/inicio\\\/#organization\"},\"potentialAction\":[{\"@type\":\"SearchAction\",\"target\":{\"@type\":\"EntryPoint\",\"urlTemplate\":\"https:\\\/\\\/izarbide.net\\\/inicio\\\/?s={search_term_string}\"},\"query-input\":{\"@type\":\"PropertyValueSpecification\",\"valueRequired\":true,\"valueName\":\"search_term_string\"}}],\"inLanguage\":\"es\"},{\"@type\":\"Organization\",\"@id\":\"https:\\\/\\\/izarbide.net\\\/inicio\\\/#organization\",\"name\":\"Izarbide\",\"url\":\"https:\\\/\\\/izarbide.net\\\/inicio\\\/\",\"logo\":{\"@type\":\"ImageObject\",\"inLanguage\":\"es\",\"@id\":\"https:\\\/\\\/izarbide.net\\\/inicio\\\/#\\\/schema\\\/logo\\\/image\\\/\",\"url\":\"https:\\\/\\\/izarbide.net\\\/wp-content\\\/uploads\\\/2017\\\/02\\\/Logo-IZARBIDE-Web.jpg\",\"contentUrl\":\"https:\\\/\\\/izarbide.net\\\/wp-content\\\/uploads\\\/2017\\\/02\\\/Logo-IZARBIDE-Web.jpg\",\"width\":205,\"height\":140,\"caption\":\"Izarbide\"},\"image\":{\"@id\":\"https:\\\/\\\/izarbide.net\\\/inicio\\\/#\\\/schema\\\/logo\\\/image\\\/\"}},{\"@type\":\"Person\",\"@id\":\"https:\\\/\\\/izarbide.net\\\/inicio\\\/#\\\/schema\\\/person\\\/5dc2bc054a0b461807b336c7b1006122\",\"name\":\"Marta Higuera Rubio\",\"image\":{\"@type\":\"ImageObject\",\"inLanguage\":\"es\",\"@id\":\"https:\\\/\\\/secure.gravatar.com\\\/avatar\\\/85addd7473d58d7732ec5106c06625fec3b9e871efc4a5bec592f7d50a26caa6?s=96&d=mm&r=g\",\"url\":\"https:\\\/\\\/secure.gravatar.com\\\/avatar\\\/85addd7473d58d7732ec5106c06625fec3b9e871efc4a5bec592f7d50a26caa6?s=96&d=mm&r=g\",\"contentUrl\":\"https:\\\/\\\/secure.gravatar.com\\\/avatar\\\/85addd7473d58d7732ec5106c06625fec3b9e871efc4a5bec592f7d50a26caa6?s=96&d=mm&r=g\",\"caption\":\"Marta Higuera Rubio\"},\"sameAs\":[\"http:\\\/\\\/www.izarbide.net\"]}]}<\/script>\n<!-- \/ Yoast SEO plugin. -->","yoast_head_json":{"title":"GAZTAINERRE EN EIBAR - IZARBIDE","robots":{"index":"index","follow":"follow","max-snippet":"max-snippet:-1","max-image-preview":"max-image-preview:large","max-video-preview":"max-video-preview:-1"},"canonical":"https:\/\/izarbide.net\/inicio\/gaztainerre-en-eibar\/","og_locale":"es_ES","og_type":"article","og_title":"GAZTAINERRE EN EIBAR - IZARBIDE","og_description":"En Eibar es tradici\u00f3n celebrar el d\u00eda de \u00abGAZTAINERRE\u00bb (d\u00eda de las casta\u00f1as asadas). Este d\u00eda nunca tiene una fecha fija, siempre se celebra el segundo lunes siguiente al d\u00eda de Animas (2 de noviembre). En el Centro Social Untzaga todos los a\u00f1os se asan casta\u00f1as, en ello participa nuestro compa\u00f1ero Mateo Guilabert, y estas [&hellip;]","og_url":"https:\/\/izarbide.net\/inicio\/gaztainerre-en-eibar\/","og_site_name":"IZARBIDE","article_published_time":"2022-11-14T19:16:41+00:00","article_modified_time":"2022-11-14T19:17:49+00:00","og_image":[{"width":1496,"height":2000,"url":"https:\/\/izarbide.net\/wp-content\/uploads\/2022\/11\/Gaztainerre-en-Eibar.jpg","type":"image\/jpeg"}],"author":"Marta Higuera Rubio","twitter_card":"summary_large_image","twitter_misc":{"Escrito por":"Marta Higuera Rubio","Tiempo de lectura":"1 minuto"},"schema":{"@context":"https:\/\/schema.org","@graph":[{"@type":"Article","@id":"https:\/\/izarbide.net\/inicio\/gaztainerre-en-eibar\/#article","isPartOf":{"@id":"https:\/\/izarbide.net\/inicio\/gaztainerre-en-eibar\/"},"author":{"name":"Marta Higuera Rubio","@id":"https:\/\/izarbide.net\/inicio\/#\/schema\/person\/5dc2bc054a0b461807b336c7b1006122"},"headline":"GAZTAINERRE EN EIBAR","datePublished":"2022-11-14T19:16:41+00:00","dateModified":"2022-11-14T19:17:49+00:00","mainEntityOfPage":{"@id":"https:\/\/izarbide.net\/inicio\/gaztainerre-en-eibar\/"},"wordCount":78,"commentCount":0,"publisher":{"@id":"https:\/\/izarbide.net\/inicio\/#organization"},"image":{"@id":"https:\/\/izarbide.net\/inicio\/gaztainerre-en-eibar\/#primaryimage"},"thumbnailUrl":"https:\/\/izarbide.net\/wp-content\/uploads\/2022\/11\/Gaztainerre-en-Eibar.jpg","keywords":["Centro Social Untzaga","Gaztainerre","Izarbide Eibar"],"articleSection":["Izarbide Eibar"],"inLanguage":"es","potentialAction":[{"@type":"CommentAction","name":"Comment","target":["https:\/\/izarbide.net\/inicio\/gaztainerre-en-eibar\/#respond"]}]},{"@type":"WebPage","@id":"https:\/\/izarbide.net\/inicio\/gaztainerre-en-eibar\/","url":"https:\/\/izarbide.net\/inicio\/gaztainerre-en-eibar\/","name":"GAZTAINERRE EN EIBAR - IZARBIDE","isPartOf":{"@id":"https:\/\/izarbide.net\/inicio\/#website"},"primaryImageOfPage":{"@id":"https:\/\/izarbide.net\/inicio\/gaztainerre-en-eibar\/#primaryimage"},"image":{"@id":"https:\/\/izarbide.net\/inicio\/gaztainerre-en-eibar\/#primaryimage"},"thumbnailUrl":"https:\/\/izarbide.net\/wp-content\/uploads\/2022\/11\/Gaztainerre-en-Eibar.jpg","datePublished":"2022-11-14T19:16:41+00:00","dateModified":"2022-11-14T19:17:49+00:00","breadcrumb":{"@id":"https:\/\/izarbide.net\/inicio\/gaztainerre-en-eibar\/#breadcrumb"},"inLanguage":"es","potentialAction":[{"@type":"ReadAction","target":["https:\/\/izarbide.net\/inicio\/gaztainerre-en-eibar\/"]}]},{"@type":"ImageObject","inLanguage":"es","@id":"https:\/\/izarbide.net\/inicio\/gaztainerre-en-eibar\/#primaryimage","url":"https:\/\/izarbide.net\/wp-content\/uploads\/2022\/11\/Gaztainerre-en-Eibar.jpg","contentUrl":"https:\/\/izarbide.net\/wp-content\/uploads\/2022\/11\/Gaztainerre-en-Eibar.jpg","width":1496,"height":2000,"caption":"Gaztainerre en Eibar"},{"@type":"BreadcrumbList","@id":"https:\/\/izarbide.net\/inicio\/gaztainerre-en-eibar\/#breadcrumb","itemListElement":[{"@type":"ListItem","position":1,"name":"Portada","item":"https:\/\/izarbide.net\/inicio\/"},{"@type":"ListItem","position":2,"name":"GAZTAINERRE EN EIBAR"}]},{"@type":"WebSite","@id":"https:\/\/izarbide.net\/inicio\/#website","url":"https:\/\/izarbide.net\/inicio\/","name":"IZARBIDE","description":"Asociaci\u00f3n de Mayores Voluntarios en Inform\u00e1tica de Gipuzkoa - Gipuzkoako borondatezko adinekoen informatika arloko elkartea","publisher":{"@id":"https:\/\/izarbide.net\/inicio\/#organization"},"potentialAction":[{"@type":"SearchAction","target":{"@type":"EntryPoint","urlTemplate":"https:\/\/izarbide.net\/inicio\/?s={search_term_string}"},"query-input":{"@type":"PropertyValueSpecification","valueRequired":true,"valueName":"search_term_string"}}],"inLanguage":"es"},{"@type":"Organization","@id":"https:\/\/izarbide.net\/inicio\/#organization","name":"Izarbide","url":"https:\/\/izarbide.net\/inicio\/","logo":{"@type":"ImageObject","inLanguage":"es","@id":"https:\/\/izarbide.net\/inicio\/#\/schema\/logo\/image\/","url":"https:\/\/izarbide.net\/wp-content\/uploads\/2017\/02\/Logo-IZARBIDE-Web.jpg","contentUrl":"https:\/\/izarbide.net\/wp-content\/uploads\/2017\/02\/Logo-IZARBIDE-Web.jpg","width":205,"height":140,"caption":"Izarbide"},"image":{"@id":"https:\/\/izarbide.net\/inicio\/#\/schema\/logo\/image\/"}},{"@type":"Person","@id":"https:\/\/izarbide.net\/inicio\/#\/schema\/person\/5dc2bc054a0b461807b336c7b1006122","name":"Marta Higuera Rubio","image":{"@type":"ImageObject","inLanguage":"es","@id":"https:\/\/secure.gravatar.com\/avatar\/85addd7473d58d7732ec5106c06625fec3b9e871efc4a5bec592f7d50a26caa6?s=96&d=mm&r=g","url":"https:\/\/secure.gravatar.com\/avatar\/85addd7473d58d7732ec5106c06625fec3b9e871efc4a5bec592f7d50a26caa6?s=96&d=mm&r=g","contentUrl":"https:\/\/secure.gravatar.com\/avatar\/85addd7473d58d7732ec5106c06625fec3b9e871efc4a5bec592f7d50a26caa6?s=96&d=mm&r=g","caption":"Marta Higuera Rubio"},"sameAs":["http:\/\/www.izarbide.net"]}]}},"_links":{"self":[{"href":"https:\/\/izarbide.net\/inicio\/wp-json\/wp\/v2\/posts\/5000","targetHints":{"allow":["GET"]}}],"collection":[{"href":"https:\/\/izarbide.net\/inicio\/wp-json\/wp\/v2\/posts"}],"about":[{"href":"https:\/\/izarbide.net\/inicio\/wp-json\/wp\/v2\/types\/post"}],"author":[{"embeddable":true,"href":"https:\/\/izarbide.net\/inicio\/wp-json\/wp\/v2\/users\/10"}],"replies":[{"embeddable":true,"href":"https:\/\/izarbide.net\/inicio\/wp-json\/wp\/v2\/comments?post=5000"}],"version-history":[{"count":0,"href":"https:\/\/izarbide.net\/inicio\/wp-json\/wp\/v2\/posts\/5000\/revisions"}],"wp:featuredmedia":[{"embeddable":true,"href":"https:\/\/izarbide.net\/inicio\/wp-json\/wp\/v2\/media\/5001"}],"wp:attachment":[{"href":"https:\/\/izarbide.net\/inicio\/wp-json\/wp\/v2\/media?parent=5000"}],"wp:term":[{"taxonomy":"category","embeddable":true,"href":"https:\/\/izarbide.net\/inicio\/wp-json\/wp\/v2\/categories?post=5000"},{"taxonomy":"post_tag","embeddable":true,"href":"https:\/\/izarbide.net\/inicio\/wp-json\/wp\/v2\/tags?post=5000"}],"curies":[{"name":"wp","href":"https:\/\/api.w.org\/{rel}","templated":true}]}}