{"id":3780,"date":"2020-02-17T17:03:55","date_gmt":"2020-02-17T17:03:55","guid":{"rendered":"https:\/\/izarbide.net\/inicio\/?p=3780"},"modified":"2020-02-18T17:32:05","modified_gmt":"2020-02-18T17:32:05","slug":"ferreria-de-mirandaola-reconocimiento-internacional","status":"publish","type":"post","link":"https:\/\/izarbide.net\/inicio\/ferreria-de-mirandaola-reconocimiento-internacional\/","title":{"rendered":"FERRER\u00cdA DE MIRANDAOLA  RECONOCIMIENTO INTERNACIONAL &#8211; LEGAZPI"},"content":{"rendered":"<p style=\"text-align: justify;\"><span style=\"font-family: arial, helvetica, sans-serif; font-size: 14pt;\">El d\u00eda 16 de enero, acontecimiento importante en la Ferrer\u00eda de Mirandaola:\u00a0<\/span><\/p>\n<p style=\"text-align: justify;\"><span style=\"font-family: arial, helvetica, sans-serif; font-size: 14pt;\">El\u00a0n\u00famero 50 del reconocimiento Historical Landmarks de la asociaci\u00f3n americana del metal ASM International\u00a0le ha correspondido\u00a0a la ferrer\u00eda de Mirandaola de Legazpi, entrando as\u00ed en su selecta lista de premiados con la Torre Eiffel, el Iron Bridge y la Estatua de La Libertad, entre otros.<\/span><\/p>\n<div id=\"attachment_3781\" style=\"width: 522px\" class=\"wp-caption aligncenter\"><a href=\"https:\/\/izarbide.net\/wp-content\/uploads\/2020\/02\/Ferrer\u00eda-de-Mirandaola.jpg\"><img loading=\"lazy\" decoding=\"async\" aria-describedby=\"caption-attachment-3781\" class=\"size-full wp-image-3781\" src=\"https:\/\/izarbide.net\/wp-content\/uploads\/2020\/02\/Ferrer\u00eda-de-Mirandaola.jpg\" alt=\"Ferrer\u00eda de Mirandaola\" width=\"512\" height=\"301\" srcset=\"https:\/\/izarbide.net\/wp-content\/uploads\/2020\/02\/Ferrer\u00eda-de-Mirandaola.jpg 512w, https:\/\/izarbide.net\/wp-content\/uploads\/2020\/02\/Ferrer\u00eda-de-Mirandaola-300x176.jpg 300w\" sizes=\"auto, (max-width: 512px) 100vw, 512px\" \/><\/a><p id=\"caption-attachment-3781\" class=\"wp-caption-text\">Ferrer\u00eda de Mirandaola<\/p><\/div>\n<p style=\"text-align: justify;\"><span style=\"font-family: arial, helvetica, sans-serif; font-size: 14pt;\">Urtarrilea 16an, Mirandaola burdinolarian saio inportantea:<\/span><\/p>\n<p style=\"text-align: justify;\"><span style=\"font-family: arial, helvetica, sans-serif; font-size: 14pt;\">ASM International metalaren amerikar elkarteko Historical Landmarks 50. aitorpena Legazpiko Mirandaola burdinolari eman zaio, besteen artean Eiffel Dorrea,\u00a0Iron Bridge eta\u00a0 Askatasunaren Estatua duen saridun zerrenda aparta honetan sartuz.<\/span><\/p>\n<p><strong><span style=\"font-family: arial, helvetica, sans-serif; font-size: 14pt;\">En este enlace hay m\u00e1s informaci\u00f3n y un v\u00eddeo:<\/span><\/strong><\/p>\n<p><span style=\"font-size: 14pt;\"><a href=\"https:\/\/www.urolatelebista.com\/ultimas-noticias\/495-mirandaola-recibe-un-reconocimiento-de-asm-international\">https:\/\/www.urolatelebista.com\/ultimas-noticias\/495-mirandaola-recibe-un-reconocimiento-de-asm-international<\/a><\/span><\/p>\n<p>&nbsp;<\/p>\n<p>&nbsp;<\/p>\n<p>&nbsp;<\/p>\n","protected":false},"excerpt":{"rendered":"<p>El d\u00eda 16 de enero, acontecimiento importante en la Ferrer\u00eda de Mirandaola:\u00a0 El\u00a0n\u00famero 50 del reconocimiento Historical Landmarks de la asociaci\u00f3n americana del metal ASM International\u00a0le ha correspondido\u00a0a la ferrer\u00eda de Mirandaola de Legazpi, entrando as\u00ed en su selecta lista de premiados con la Torre Eiffel, el Iron Bridge y la Estatua de La Libertad, [&hellip;]<\/p>\n","protected":false},"author":14,"featured_media":3781,"comment_status":"open","ping_status":"open","sticky":false,"template":"","format":"standard","meta":{"footnotes":""},"categories":[482],"tags":[526,524,528],"class_list":{"0":"post-3780","1":"post","2":"type-post","3":"status-publish","4":"format-standard","5":"has-post-thumbnail","7":"category-izarbide-legazpi","8":"tag-ferreria-mirandaola","9":"tag-izarbide-legazpi","10":"tag-reconocimiento","11":"czr-hentry"},"yoast_head":"<!-- This site is optimized with the Yoast SEO plugin v27.4 - https:\/\/yoast.com\/product\/yoast-seo-wordpress\/ -->\n<title>FERRER\u00cdA DE MIRANDAOLA RECONOCIMIENTO INTERNACIONAL - LEGAZPI - IZARBIDE<\/title>\n<meta name=\"robots\" content=\"index, follow, max-snippet:-1, max-image-preview:large, max-video-preview:-1\" \/>\n<link rel=\"canonical\" href=\"https:\/\/izarbide.net\/inicio\/ferreria-de-mirandaola-reconocimiento-internacional\/\" \/>\n<meta property=\"og:locale\" content=\"es_ES\" \/>\n<meta property=\"og:type\" content=\"article\" \/>\n<meta property=\"og:title\" content=\"FERRER\u00cdA DE MIRANDAOLA RECONOCIMIENTO INTERNACIONAL - LEGAZPI - IZARBIDE\" \/>\n<meta property=\"og:description\" content=\"El d\u00eda 16 de enero, acontecimiento importante en la Ferrer\u00eda de Mirandaola:\u00a0 El\u00a0n\u00famero 50 del reconocimiento Historical Landmarks de la asociaci\u00f3n americana del metal ASM International\u00a0le ha correspondido\u00a0a la ferrer\u00eda de Mirandaola de Legazpi, entrando as\u00ed en su selecta lista de premiados con la Torre Eiffel, el Iron Bridge y la Estatua de La Libertad, [&hellip;]\" \/>\n<meta property=\"og:url\" content=\"https:\/\/izarbide.net\/inicio\/ferreria-de-mirandaola-reconocimiento-internacional\/\" \/>\n<meta property=\"og:site_name\" content=\"IZARBIDE\" \/>\n<meta property=\"article:published_time\" content=\"2020-02-17T17:03:55+00:00\" \/>\n<meta property=\"article:modified_time\" content=\"2020-02-18T17:32:05+00:00\" \/>\n<meta property=\"og:image\" content=\"https:\/\/izarbide.net\/wp-content\/uploads\/2020\/02\/Ferrer\u00eda-de-Mirandaola.jpg\" \/>\n\t<meta property=\"og:image:width\" content=\"512\" \/>\n\t<meta property=\"og:image:height\" content=\"301\" \/>\n\t<meta property=\"og:image:type\" content=\"image\/jpeg\" \/>\n<meta name=\"author\" content=\"Victorino Soria Jimenez\" \/>\n<meta name=\"twitter:card\" content=\"summary_large_image\" \/>\n<meta name=\"twitter:label1\" content=\"Escrito por\" \/>\n\t<meta name=\"twitter:data1\" content=\"Victorino Soria Jimenez\" \/>\n\t<meta name=\"twitter:label2\" content=\"Tiempo de lectura\" \/>\n\t<meta name=\"twitter:data2\" content=\"1 minuto\" \/>\n<script type=\"application\/ld+json\" class=\"yoast-schema-graph\">{\"@context\":\"https:\\\/\\\/schema.org\",\"@graph\":[{\"@type\":\"Article\",\"@id\":\"https:\\\/\\\/izarbide.net\\\/inicio\\\/ferreria-de-mirandaola-reconocimiento-internacional\\\/#article\",\"isPartOf\":{\"@id\":\"https:\\\/\\\/izarbide.net\\\/inicio\\\/ferreria-de-mirandaola-reconocimiento-internacional\\\/\"},\"author\":{\"name\":\"Victorino Soria Jimenez\",\"@id\":\"https:\\\/\\\/izarbide.net\\\/inicio\\\/#\\\/schema\\\/person\\\/ef8bbb1c961d2682b519c4bb39d59fd1\"},\"headline\":\"FERRER\u00cdA DE MIRANDAOLA RECONOCIMIENTO INTERNACIONAL &#8211; LEGAZPI\",\"datePublished\":\"2020-02-17T17:03:55+00:00\",\"dateModified\":\"2020-02-18T17:32:05+00:00\",\"mainEntityOfPage\":{\"@id\":\"https:\\\/\\\/izarbide.net\\\/inicio\\\/ferreria-de-mirandaola-reconocimiento-internacional\\\/\"},\"wordCount\":137,\"commentCount\":0,\"publisher\":{\"@id\":\"https:\\\/\\\/izarbide.net\\\/inicio\\\/#organization\"},\"image\":{\"@id\":\"https:\\\/\\\/izarbide.net\\\/inicio\\\/ferreria-de-mirandaola-reconocimiento-internacional\\\/#primaryimage\"},\"thumbnailUrl\":\"https:\\\/\\\/izarbide.net\\\/wp-content\\\/uploads\\\/2020\\\/02\\\/Ferrer\u00eda-de-Mirandaola.jpg\",\"keywords\":[\"Ferrer\u00eda Mirandaola\",\"Izarbide Legazpi\",\"Reconocimiento\"],\"articleSection\":[\"Izarbide Legazpi\"],\"inLanguage\":\"es\",\"potentialAction\":[{\"@type\":\"CommentAction\",\"name\":\"Comment\",\"target\":[\"https:\\\/\\\/izarbide.net\\\/inicio\\\/ferreria-de-mirandaola-reconocimiento-internacional\\\/#respond\"]}]},{\"@type\":\"WebPage\",\"@id\":\"https:\\\/\\\/izarbide.net\\\/inicio\\\/ferreria-de-mirandaola-reconocimiento-internacional\\\/\",\"url\":\"https:\\\/\\\/izarbide.net\\\/inicio\\\/ferreria-de-mirandaola-reconocimiento-internacional\\\/\",\"name\":\"FERRER\u00cdA DE MIRANDAOLA RECONOCIMIENTO INTERNACIONAL - LEGAZPI - IZARBIDE\",\"isPartOf\":{\"@id\":\"https:\\\/\\\/izarbide.net\\\/inicio\\\/#website\"},\"primaryImageOfPage\":{\"@id\":\"https:\\\/\\\/izarbide.net\\\/inicio\\\/ferreria-de-mirandaola-reconocimiento-internacional\\\/#primaryimage\"},\"image\":{\"@id\":\"https:\\\/\\\/izarbide.net\\\/inicio\\\/ferreria-de-mirandaola-reconocimiento-internacional\\\/#primaryimage\"},\"thumbnailUrl\":\"https:\\\/\\\/izarbide.net\\\/wp-content\\\/uploads\\\/2020\\\/02\\\/Ferrer\u00eda-de-Mirandaola.jpg\",\"datePublished\":\"2020-02-17T17:03:55+00:00\",\"dateModified\":\"2020-02-18T17:32:05+00:00\",\"breadcrumb\":{\"@id\":\"https:\\\/\\\/izarbide.net\\\/inicio\\\/ferreria-de-mirandaola-reconocimiento-internacional\\\/#breadcrumb\"},\"inLanguage\":\"es\",\"potentialAction\":[{\"@type\":\"ReadAction\",\"target\":[\"https:\\\/\\\/izarbide.net\\\/inicio\\\/ferreria-de-mirandaola-reconocimiento-internacional\\\/\"]}]},{\"@type\":\"ImageObject\",\"inLanguage\":\"es\",\"@id\":\"https:\\\/\\\/izarbide.net\\\/inicio\\\/ferreria-de-mirandaola-reconocimiento-internacional\\\/#primaryimage\",\"url\":\"https:\\\/\\\/izarbide.net\\\/wp-content\\\/uploads\\\/2020\\\/02\\\/Ferrer\u00eda-de-Mirandaola.jpg\",\"contentUrl\":\"https:\\\/\\\/izarbide.net\\\/wp-content\\\/uploads\\\/2020\\\/02\\\/Ferrer\u00eda-de-Mirandaola.jpg\",\"width\":512,\"height\":301,\"caption\":\"Ferrer\u00eda de Mirandaola\"},{\"@type\":\"BreadcrumbList\",\"@id\":\"https:\\\/\\\/izarbide.net\\\/inicio\\\/ferreria-de-mirandaola-reconocimiento-internacional\\\/#breadcrumb\",\"itemListElement\":[{\"@type\":\"ListItem\",\"position\":1,\"name\":\"Portada\",\"item\":\"https:\\\/\\\/izarbide.net\\\/inicio\\\/\"},{\"@type\":\"ListItem\",\"position\":2,\"name\":\"FERRER\u00cdA DE MIRANDAOLA RECONOCIMIENTO INTERNACIONAL &#8211; LEGAZPI\"}]},{\"@type\":\"WebSite\",\"@id\":\"https:\\\/\\\/izarbide.net\\\/inicio\\\/#website\",\"url\":\"https:\\\/\\\/izarbide.net\\\/inicio\\\/\",\"name\":\"IZARBIDE\",\"description\":\"Asociaci\u00f3n de Mayores Voluntarios en Inform\u00e1tica de Gipuzkoa - Gipuzkoako borondatezko adinekoen informatika arloko elkartea\",\"publisher\":{\"@id\":\"https:\\\/\\\/izarbide.net\\\/inicio\\\/#organization\"},\"potentialAction\":[{\"@type\":\"SearchAction\",\"target\":{\"@type\":\"EntryPoint\",\"urlTemplate\":\"https:\\\/\\\/izarbide.net\\\/inicio\\\/?s={search_term_string}\"},\"query-input\":{\"@type\":\"PropertyValueSpecification\",\"valueRequired\":true,\"valueName\":\"search_term_string\"}}],\"inLanguage\":\"es\"},{\"@type\":\"Organization\",\"@id\":\"https:\\\/\\\/izarbide.net\\\/inicio\\\/#organization\",\"name\":\"Izarbide\",\"url\":\"https:\\\/\\\/izarbide.net\\\/inicio\\\/\",\"logo\":{\"@type\":\"ImageObject\",\"inLanguage\":\"es\",\"@id\":\"https:\\\/\\\/izarbide.net\\\/inicio\\\/#\\\/schema\\\/logo\\\/image\\\/\",\"url\":\"https:\\\/\\\/izarbide.net\\\/wp-content\\\/uploads\\\/2017\\\/02\\\/Logo-IZARBIDE-Web.jpg\",\"contentUrl\":\"https:\\\/\\\/izarbide.net\\\/wp-content\\\/uploads\\\/2017\\\/02\\\/Logo-IZARBIDE-Web.jpg\",\"width\":205,\"height\":140,\"caption\":\"Izarbide\"},\"image\":{\"@id\":\"https:\\\/\\\/izarbide.net\\\/inicio\\\/#\\\/schema\\\/logo\\\/image\\\/\"}},{\"@type\":\"Person\",\"@id\":\"https:\\\/\\\/izarbide.net\\\/inicio\\\/#\\\/schema\\\/person\\\/ef8bbb1c961d2682b519c4bb39d59fd1\",\"name\":\"Victorino Soria Jimenez\",\"image\":{\"@type\":\"ImageObject\",\"inLanguage\":\"es\",\"@id\":\"https:\\\/\\\/secure.gravatar.com\\\/avatar\\\/3ed21b89852f4bf0d6d36fbe2decb2c782733ef0a1f670dcd016f6a91fbf1da5?s=96&d=mm&r=g\",\"url\":\"https:\\\/\\\/secure.gravatar.com\\\/avatar\\\/3ed21b89852f4bf0d6d36fbe2decb2c782733ef0a1f670dcd016f6a91fbf1da5?s=96&d=mm&r=g\",\"contentUrl\":\"https:\\\/\\\/secure.gravatar.com\\\/avatar\\\/3ed21b89852f4bf0d6d36fbe2decb2c782733ef0a1f670dcd016f6a91fbf1da5?s=96&d=mm&r=g\",\"caption\":\"Victorino Soria Jimenez\"},\"sameAs\":[\"http:\\\/\\\/izarbide.net\"]}]}<\/script>\n<!-- \/ Yoast SEO plugin. -->","yoast_head_json":{"title":"FERRER\u00cdA DE MIRANDAOLA RECONOCIMIENTO INTERNACIONAL - LEGAZPI - IZARBIDE","robots":{"index":"index","follow":"follow","max-snippet":"max-snippet:-1","max-image-preview":"max-image-preview:large","max-video-preview":"max-video-preview:-1"},"canonical":"https:\/\/izarbide.net\/inicio\/ferreria-de-mirandaola-reconocimiento-internacional\/","og_locale":"es_ES","og_type":"article","og_title":"FERRER\u00cdA DE MIRANDAOLA RECONOCIMIENTO INTERNACIONAL - LEGAZPI - IZARBIDE","og_description":"El d\u00eda 16 de enero, acontecimiento importante en la Ferrer\u00eda de Mirandaola:\u00a0 El\u00a0n\u00famero 50 del reconocimiento Historical Landmarks de la asociaci\u00f3n americana del metal ASM International\u00a0le ha correspondido\u00a0a la ferrer\u00eda de Mirandaola de Legazpi, entrando as\u00ed en su selecta lista de premiados con la Torre Eiffel, el Iron Bridge y la Estatua de La Libertad, [&hellip;]","og_url":"https:\/\/izarbide.net\/inicio\/ferreria-de-mirandaola-reconocimiento-internacional\/","og_site_name":"IZARBIDE","article_published_time":"2020-02-17T17:03:55+00:00","article_modified_time":"2020-02-18T17:32:05+00:00","og_image":[{"width":512,"height":301,"url":"https:\/\/izarbide.net\/wp-content\/uploads\/2020\/02\/Ferrer\u00eda-de-Mirandaola.jpg","type":"image\/jpeg"}],"author":"Victorino Soria Jimenez","twitter_card":"summary_large_image","twitter_misc":{"Escrito por":"Victorino Soria Jimenez","Tiempo de lectura":"1 minuto"},"schema":{"@context":"https:\/\/schema.org","@graph":[{"@type":"Article","@id":"https:\/\/izarbide.net\/inicio\/ferreria-de-mirandaola-reconocimiento-internacional\/#article","isPartOf":{"@id":"https:\/\/izarbide.net\/inicio\/ferreria-de-mirandaola-reconocimiento-internacional\/"},"author":{"name":"Victorino Soria Jimenez","@id":"https:\/\/izarbide.net\/inicio\/#\/schema\/person\/ef8bbb1c961d2682b519c4bb39d59fd1"},"headline":"FERRER\u00cdA DE MIRANDAOLA RECONOCIMIENTO INTERNACIONAL &#8211; LEGAZPI","datePublished":"2020-02-17T17:03:55+00:00","dateModified":"2020-02-18T17:32:05+00:00","mainEntityOfPage":{"@id":"https:\/\/izarbide.net\/inicio\/ferreria-de-mirandaola-reconocimiento-internacional\/"},"wordCount":137,"commentCount":0,"publisher":{"@id":"https:\/\/izarbide.net\/inicio\/#organization"},"image":{"@id":"https:\/\/izarbide.net\/inicio\/ferreria-de-mirandaola-reconocimiento-internacional\/#primaryimage"},"thumbnailUrl":"https:\/\/izarbide.net\/wp-content\/uploads\/2020\/02\/Ferrer\u00eda-de-Mirandaola.jpg","keywords":["Ferrer\u00eda Mirandaola","Izarbide Legazpi","Reconocimiento"],"articleSection":["Izarbide Legazpi"],"inLanguage":"es","potentialAction":[{"@type":"CommentAction","name":"Comment","target":["https:\/\/izarbide.net\/inicio\/ferreria-de-mirandaola-reconocimiento-internacional\/#respond"]}]},{"@type":"WebPage","@id":"https:\/\/izarbide.net\/inicio\/ferreria-de-mirandaola-reconocimiento-internacional\/","url":"https:\/\/izarbide.net\/inicio\/ferreria-de-mirandaola-reconocimiento-internacional\/","name":"FERRER\u00cdA DE MIRANDAOLA RECONOCIMIENTO INTERNACIONAL - LEGAZPI - IZARBIDE","isPartOf":{"@id":"https:\/\/izarbide.net\/inicio\/#website"},"primaryImageOfPage":{"@id":"https:\/\/izarbide.net\/inicio\/ferreria-de-mirandaola-reconocimiento-internacional\/#primaryimage"},"image":{"@id":"https:\/\/izarbide.net\/inicio\/ferreria-de-mirandaola-reconocimiento-internacional\/#primaryimage"},"thumbnailUrl":"https:\/\/izarbide.net\/wp-content\/uploads\/2020\/02\/Ferrer\u00eda-de-Mirandaola.jpg","datePublished":"2020-02-17T17:03:55+00:00","dateModified":"2020-02-18T17:32:05+00:00","breadcrumb":{"@id":"https:\/\/izarbide.net\/inicio\/ferreria-de-mirandaola-reconocimiento-internacional\/#breadcrumb"},"inLanguage":"es","potentialAction":[{"@type":"ReadAction","target":["https:\/\/izarbide.net\/inicio\/ferreria-de-mirandaola-reconocimiento-internacional\/"]}]},{"@type":"ImageObject","inLanguage":"es","@id":"https:\/\/izarbide.net\/inicio\/ferreria-de-mirandaola-reconocimiento-internacional\/#primaryimage","url":"https:\/\/izarbide.net\/wp-content\/uploads\/2020\/02\/Ferrer\u00eda-de-Mirandaola.jpg","contentUrl":"https:\/\/izarbide.net\/wp-content\/uploads\/2020\/02\/Ferrer\u00eda-de-Mirandaola.jpg","width":512,"height":301,"caption":"Ferrer\u00eda de Mirandaola"},{"@type":"BreadcrumbList","@id":"https:\/\/izarbide.net\/inicio\/ferreria-de-mirandaola-reconocimiento-internacional\/#breadcrumb","itemListElement":[{"@type":"ListItem","position":1,"name":"Portada","item":"https:\/\/izarbide.net\/inicio\/"},{"@type":"ListItem","position":2,"name":"FERRER\u00cdA DE MIRANDAOLA RECONOCIMIENTO INTERNACIONAL &#8211; LEGAZPI"}]},{"@type":"WebSite","@id":"https:\/\/izarbide.net\/inicio\/#website","url":"https:\/\/izarbide.net\/inicio\/","name":"IZARBIDE","description":"Asociaci\u00f3n de Mayores Voluntarios en Inform\u00e1tica de Gipuzkoa - Gipuzkoako borondatezko adinekoen informatika arloko elkartea","publisher":{"@id":"https:\/\/izarbide.net\/inicio\/#organization"},"potentialAction":[{"@type":"SearchAction","target":{"@type":"EntryPoint","urlTemplate":"https:\/\/izarbide.net\/inicio\/?s={search_term_string}"},"query-input":{"@type":"PropertyValueSpecification","valueRequired":true,"valueName":"search_term_string"}}],"inLanguage":"es"},{"@type":"Organization","@id":"https:\/\/izarbide.net\/inicio\/#organization","name":"Izarbide","url":"https:\/\/izarbide.net\/inicio\/","logo":{"@type":"ImageObject","inLanguage":"es","@id":"https:\/\/izarbide.net\/inicio\/#\/schema\/logo\/image\/","url":"https:\/\/izarbide.net\/wp-content\/uploads\/2017\/02\/Logo-IZARBIDE-Web.jpg","contentUrl":"https:\/\/izarbide.net\/wp-content\/uploads\/2017\/02\/Logo-IZARBIDE-Web.jpg","width":205,"height":140,"caption":"Izarbide"},"image":{"@id":"https:\/\/izarbide.net\/inicio\/#\/schema\/logo\/image\/"}},{"@type":"Person","@id":"https:\/\/izarbide.net\/inicio\/#\/schema\/person\/ef8bbb1c961d2682b519c4bb39d59fd1","name":"Victorino Soria Jimenez","image":{"@type":"ImageObject","inLanguage":"es","@id":"https:\/\/secure.gravatar.com\/avatar\/3ed21b89852f4bf0d6d36fbe2decb2c782733ef0a1f670dcd016f6a91fbf1da5?s=96&d=mm&r=g","url":"https:\/\/secure.gravatar.com\/avatar\/3ed21b89852f4bf0d6d36fbe2decb2c782733ef0a1f670dcd016f6a91fbf1da5?s=96&d=mm&r=g","contentUrl":"https:\/\/secure.gravatar.com\/avatar\/3ed21b89852f4bf0d6d36fbe2decb2c782733ef0a1f670dcd016f6a91fbf1da5?s=96&d=mm&r=g","caption":"Victorino Soria Jimenez"},"sameAs":["http:\/\/izarbide.net"]}]}},"_links":{"self":[{"href":"https:\/\/izarbide.net\/inicio\/wp-json\/wp\/v2\/posts\/3780","targetHints":{"allow":["GET"]}}],"collection":[{"href":"https:\/\/izarbide.net\/inicio\/wp-json\/wp\/v2\/posts"}],"about":[{"href":"https:\/\/izarbide.net\/inicio\/wp-json\/wp\/v2\/types\/post"}],"author":[{"embeddable":true,"href":"https:\/\/izarbide.net\/inicio\/wp-json\/wp\/v2\/users\/14"}],"replies":[{"embeddable":true,"href":"https:\/\/izarbide.net\/inicio\/wp-json\/wp\/v2\/comments?post=3780"}],"version-history":[{"count":0,"href":"https:\/\/izarbide.net\/inicio\/wp-json\/wp\/v2\/posts\/3780\/revisions"}],"wp:featuredmedia":[{"embeddable":true,"href":"https:\/\/izarbide.net\/inicio\/wp-json\/wp\/v2\/media\/3781"}],"wp:attachment":[{"href":"https:\/\/izarbide.net\/inicio\/wp-json\/wp\/v2\/media?parent=3780"}],"wp:term":[{"taxonomy":"category","embeddable":true,"href":"https:\/\/izarbide.net\/inicio\/wp-json\/wp\/v2\/categories?post=3780"},{"taxonomy":"post_tag","embeddable":true,"href":"https:\/\/izarbide.net\/inicio\/wp-json\/wp\/v2\/tags?post=3780"}],"curies":[{"name":"wp","href":"https:\/\/api.w.org\/{rel}","templated":true}]}}