{"id":3732,"date":"2019-12-19T11:25:19","date_gmt":"2019-12-19T11:25:19","guid":{"rendered":"http:\/\/izarbide.net\/inicio\/?p=3732"},"modified":"2019-12-19T11:25:19","modified_gmt":"2019-12-19T11:25:19","slug":"aldizkaria-revista","status":"publish","type":"post","link":"https:\/\/izarbide.net\/inicio\/aldizkaria-revista\/","title":{"rendered":"ALDIZKARIA-REVISTA"},"content":{"rendered":"<h1><span style=\"color: #333399\"><strong>ABENDUA-2019-DICIEMBRE<\/strong><\/span><\/h1>\n<p><span style=\"font-family: georgia, palatino, serif;color: #000000;font-size: 14pt\">Aldizkariak egileak: Juanjo San Sebastian eta Carmen S\u00e1nchez<\/span> (<span style=\"color: #ff0000\">Voluntarios de Izarbide<\/span>)<\/p>\n<p><span style=\"color: #ff0000\">emailea: udaberrialdiz@gmail.com<\/span><\/p>\n<p><strong><span style=\"color: #000000\">Laguntzailea: Zarauzko Udala<\/span><\/strong><\/p>\n<p><a href=\"https:\/\/drive.google.com\/open?id=1EpNFVFfKilpNkmsEfOCJAjitQPQhsZpr\"><img loading=\"lazy\" decoding=\"async\" class=\"size-medium wp-image-3733\" src=\"http:\/\/izarbide.net\/wp-content\/uploads\/2019\/12\/portada-abendua12-212x300.jpg\" alt=\"\" width=\"212\" height=\"300\" srcset=\"https:\/\/izarbide.net\/wp-content\/uploads\/2019\/12\/portada-abendua12-212x300.jpg 212w, https:\/\/izarbide.net\/wp-content\/uploads\/2019\/12\/portada-abendua12-724x1024.jpg 724w, https:\/\/izarbide.net\/wp-content\/uploads\/2019\/12\/portada-abendua12-768x1086.jpg 768w, https:\/\/izarbide.net\/wp-content\/uploads\/2019\/12\/portada-abendua12-1087x1536.jpg 1087w, https:\/\/izarbide.net\/wp-content\/uploads\/2019\/12\/portada-abendua12-1449x2048.jpg 1449w, https:\/\/izarbide.net\/wp-content\/uploads\/2019\/12\/portada-abendua12.jpg 1654w\" sizes=\"auto, (max-width: 212px) 100vw, 212px\" \/><\/a><\/p>\n","protected":false},"excerpt":{"rendered":"<p>ABENDUA-2019-DICIEMBRE Aldizkariak egileak: Juanjo San Sebastian eta Carmen S\u00e1nchez (Voluntarios de Izarbide) emailea: udaberrialdiz@gmail.com Laguntzailea: Zarauzko Udala<\/p>\n","protected":false},"author":12,"featured_media":0,"comment_status":"open","ping_status":"open","sticky":false,"template":"","format":"standard","meta":{"footnotes":""},"categories":[468],"tags":[506,384,436],"class_list":{"0":"post-3732","1":"post","2":"type-post","3":"status-publish","4":"format-standard","6":"category-izarbide-zarautz","7":"tag-diciembre-2019","8":"tag-revista-mensual","9":"tag-revista-primavera","10":"czr-hentry"},"yoast_head":"<!-- This site is optimized with the Yoast SEO plugin v27.4 - https:\/\/yoast.com\/product\/yoast-seo-wordpress\/ -->\n<title>ALDIZKARIA-REVISTA - IZARBIDE<\/title>\n<meta name=\"robots\" content=\"index, follow, max-snippet:-1, max-image-preview:large, max-video-preview:-1\" \/>\n<link rel=\"canonical\" href=\"https:\/\/izarbide.net\/inicio\/aldizkaria-revista\/\" \/>\n<meta property=\"og:locale\" content=\"es_ES\" \/>\n<meta property=\"og:type\" content=\"article\" \/>\n<meta property=\"og:title\" content=\"ALDIZKARIA-REVISTA - IZARBIDE\" \/>\n<meta property=\"og:description\" content=\"ABENDUA-2019-DICIEMBRE Aldizkariak egileak: Juanjo San Sebastian eta Carmen S\u00e1nchez (Voluntarios de Izarbide) emailea: udaberrialdiz@gmail.com Laguntzailea: Zarauzko Udala\" \/>\n<meta property=\"og:url\" content=\"https:\/\/izarbide.net\/inicio\/aldizkaria-revista\/\" \/>\n<meta property=\"og:site_name\" content=\"IZARBIDE\" \/>\n<meta property=\"article:published_time\" content=\"2019-12-19T11:25:19+00:00\" \/>\n<meta property=\"og:image\" content=\"http:\/\/izarbide.net\/wp-content\/uploads\/2019\/12\/portada-abendua12-212x300.jpg\" \/>\n<meta name=\"author\" content=\"Juan Jos\u00e9 San Sebasti\u00e1n Arruti\" \/>\n<meta name=\"twitter:card\" content=\"summary_large_image\" \/>\n<meta name=\"twitter:label1\" content=\"Escrito por\" \/>\n\t<meta name=\"twitter:data1\" content=\"Juan Jos\u00e9 San Sebasti\u00e1n Arruti\" \/>\n<script type=\"application\/ld+json\" class=\"yoast-schema-graph\">{\"@context\":\"https:\\\/\\\/schema.org\",\"@graph\":[{\"@type\":\"Article\",\"@id\":\"https:\\\/\\\/izarbide.net\\\/inicio\\\/aldizkaria-revista\\\/#article\",\"isPartOf\":{\"@id\":\"https:\\\/\\\/izarbide.net\\\/inicio\\\/aldizkaria-revista\\\/\"},\"author\":{\"name\":\"Juan Jos\u00e9 San Sebasti\u00e1n Arruti\",\"@id\":\"https:\\\/\\\/izarbide.net\\\/inicio\\\/#\\\/schema\\\/person\\\/64dfe8cb8fb3d7b7726cadf285aebf4a\"},\"headline\":\"ALDIZKARIA-REVISTA\",\"datePublished\":\"2019-12-19T11:25:19+00:00\",\"mainEntityOfPage\":{\"@id\":\"https:\\\/\\\/izarbide.net\\\/inicio\\\/aldizkaria-revista\\\/\"},\"wordCount\":22,\"commentCount\":0,\"publisher\":{\"@id\":\"https:\\\/\\\/izarbide.net\\\/inicio\\\/#organization\"},\"image\":{\"@id\":\"https:\\\/\\\/izarbide.net\\\/inicio\\\/aldizkaria-revista\\\/#primaryimage\"},\"thumbnailUrl\":\"http:\\\/\\\/izarbide.net\\\/wp-content\\\/uploads\\\/2019\\\/12\\\/portada-abendua12-212x300.jpg\",\"keywords\":[\"Diciembre 2019\",\"Revista mensual\",\"Revista primavera\"],\"articleSection\":[\"Izarbide Zarautz\"],\"inLanguage\":\"es\",\"potentialAction\":[{\"@type\":\"CommentAction\",\"name\":\"Comment\",\"target\":[\"https:\\\/\\\/izarbide.net\\\/inicio\\\/aldizkaria-revista\\\/#respond\"]}]},{\"@type\":\"WebPage\",\"@id\":\"https:\\\/\\\/izarbide.net\\\/inicio\\\/aldizkaria-revista\\\/\",\"url\":\"https:\\\/\\\/izarbide.net\\\/inicio\\\/aldizkaria-revista\\\/\",\"name\":\"ALDIZKARIA-REVISTA - IZARBIDE\",\"isPartOf\":{\"@id\":\"https:\\\/\\\/izarbide.net\\\/inicio\\\/#website\"},\"primaryImageOfPage\":{\"@id\":\"https:\\\/\\\/izarbide.net\\\/inicio\\\/aldizkaria-revista\\\/#primaryimage\"},\"image\":{\"@id\":\"https:\\\/\\\/izarbide.net\\\/inicio\\\/aldizkaria-revista\\\/#primaryimage\"},\"thumbnailUrl\":\"http:\\\/\\\/izarbide.net\\\/wp-content\\\/uploads\\\/2019\\\/12\\\/portada-abendua12-212x300.jpg\",\"datePublished\":\"2019-12-19T11:25:19+00:00\",\"breadcrumb\":{\"@id\":\"https:\\\/\\\/izarbide.net\\\/inicio\\\/aldizkaria-revista\\\/#breadcrumb\"},\"inLanguage\":\"es\",\"potentialAction\":[{\"@type\":\"ReadAction\",\"target\":[\"https:\\\/\\\/izarbide.net\\\/inicio\\\/aldizkaria-revista\\\/\"]}]},{\"@type\":\"ImageObject\",\"inLanguage\":\"es\",\"@id\":\"https:\\\/\\\/izarbide.net\\\/inicio\\\/aldizkaria-revista\\\/#primaryimage\",\"url\":\"http:\\\/\\\/izarbide.net\\\/wp-content\\\/uploads\\\/2019\\\/12\\\/portada-abendua12-212x300.jpg\",\"contentUrl\":\"http:\\\/\\\/izarbide.net\\\/wp-content\\\/uploads\\\/2019\\\/12\\\/portada-abendua12-212x300.jpg\"},{\"@type\":\"BreadcrumbList\",\"@id\":\"https:\\\/\\\/izarbide.net\\\/inicio\\\/aldizkaria-revista\\\/#breadcrumb\",\"itemListElement\":[{\"@type\":\"ListItem\",\"position\":1,\"name\":\"Portada\",\"item\":\"https:\\\/\\\/izarbide.net\\\/inicio\\\/\"},{\"@type\":\"ListItem\",\"position\":2,\"name\":\"ALDIZKARIA-REVISTA\"}]},{\"@type\":\"WebSite\",\"@id\":\"https:\\\/\\\/izarbide.net\\\/inicio\\\/#website\",\"url\":\"https:\\\/\\\/izarbide.net\\\/inicio\\\/\",\"name\":\"IZARBIDE\",\"description\":\"Asociaci\u00f3n de Mayores Voluntarios en Inform\u00e1tica de Gipuzkoa - Gipuzkoako borondatezko adinekoen informatika arloko elkartea\",\"publisher\":{\"@id\":\"https:\\\/\\\/izarbide.net\\\/inicio\\\/#organization\"},\"potentialAction\":[{\"@type\":\"SearchAction\",\"target\":{\"@type\":\"EntryPoint\",\"urlTemplate\":\"https:\\\/\\\/izarbide.net\\\/inicio\\\/?s={search_term_string}\"},\"query-input\":{\"@type\":\"PropertyValueSpecification\",\"valueRequired\":true,\"valueName\":\"search_term_string\"}}],\"inLanguage\":\"es\"},{\"@type\":\"Organization\",\"@id\":\"https:\\\/\\\/izarbide.net\\\/inicio\\\/#organization\",\"name\":\"Izarbide\",\"url\":\"https:\\\/\\\/izarbide.net\\\/inicio\\\/\",\"logo\":{\"@type\":\"ImageObject\",\"inLanguage\":\"es\",\"@id\":\"https:\\\/\\\/izarbide.net\\\/inicio\\\/#\\\/schema\\\/logo\\\/image\\\/\",\"url\":\"https:\\\/\\\/izarbide.net\\\/wp-content\\\/uploads\\\/2017\\\/02\\\/Logo-IZARBIDE-Web.jpg\",\"contentUrl\":\"https:\\\/\\\/izarbide.net\\\/wp-content\\\/uploads\\\/2017\\\/02\\\/Logo-IZARBIDE-Web.jpg\",\"width\":205,\"height\":140,\"caption\":\"Izarbide\"},\"image\":{\"@id\":\"https:\\\/\\\/izarbide.net\\\/inicio\\\/#\\\/schema\\\/logo\\\/image\\\/\"}},{\"@type\":\"Person\",\"@id\":\"https:\\\/\\\/izarbide.net\\\/inicio\\\/#\\\/schema\\\/person\\\/64dfe8cb8fb3d7b7726cadf285aebf4a\",\"name\":\"Juan Jos\u00e9 San Sebasti\u00e1n Arruti\",\"image\":{\"@type\":\"ImageObject\",\"inLanguage\":\"es\",\"@id\":\"https:\\\/\\\/secure.gravatar.com\\\/avatar\\\/471a43f7c740cc5f65c51360daaf324f617c78519f5320f34cb9598686f306e1?s=96&d=mm&r=g\",\"url\":\"https:\\\/\\\/secure.gravatar.com\\\/avatar\\\/471a43f7c740cc5f65c51360daaf324f617c78519f5320f34cb9598686f306e1?s=96&d=mm&r=g\",\"contentUrl\":\"https:\\\/\\\/secure.gravatar.com\\\/avatar\\\/471a43f7c740cc5f65c51360daaf324f617c78519f5320f34cb9598686f306e1?s=96&d=mm&r=g\",\"caption\":\"Juan Jos\u00e9 San Sebasti\u00e1n Arruti\"},\"sameAs\":[\"http:\\\/\\\/www.izarbide.net\"]}]}<\/script>\n<!-- \/ Yoast SEO plugin. -->","yoast_head_json":{"title":"ALDIZKARIA-REVISTA - IZARBIDE","robots":{"index":"index","follow":"follow","max-snippet":"max-snippet:-1","max-image-preview":"max-image-preview:large","max-video-preview":"max-video-preview:-1"},"canonical":"https:\/\/izarbide.net\/inicio\/aldizkaria-revista\/","og_locale":"es_ES","og_type":"article","og_title":"ALDIZKARIA-REVISTA - IZARBIDE","og_description":"ABENDUA-2019-DICIEMBRE Aldizkariak egileak: Juanjo San Sebastian eta Carmen S\u00e1nchez (Voluntarios de Izarbide) emailea: udaberrialdiz@gmail.com Laguntzailea: Zarauzko Udala","og_url":"https:\/\/izarbide.net\/inicio\/aldizkaria-revista\/","og_site_name":"IZARBIDE","article_published_time":"2019-12-19T11:25:19+00:00","og_image":[{"url":"http:\/\/izarbide.net\/wp-content\/uploads\/2019\/12\/portada-abendua12-212x300.jpg","type":"","width":"","height":""}],"author":"Juan Jos\u00e9 San Sebasti\u00e1n Arruti","twitter_card":"summary_large_image","twitter_misc":{"Escrito por":"Juan Jos\u00e9 San Sebasti\u00e1n Arruti"},"schema":{"@context":"https:\/\/schema.org","@graph":[{"@type":"Article","@id":"https:\/\/izarbide.net\/inicio\/aldizkaria-revista\/#article","isPartOf":{"@id":"https:\/\/izarbide.net\/inicio\/aldizkaria-revista\/"},"author":{"name":"Juan Jos\u00e9 San Sebasti\u00e1n Arruti","@id":"https:\/\/izarbide.net\/inicio\/#\/schema\/person\/64dfe8cb8fb3d7b7726cadf285aebf4a"},"headline":"ALDIZKARIA-REVISTA","datePublished":"2019-12-19T11:25:19+00:00","mainEntityOfPage":{"@id":"https:\/\/izarbide.net\/inicio\/aldizkaria-revista\/"},"wordCount":22,"commentCount":0,"publisher":{"@id":"https:\/\/izarbide.net\/inicio\/#organization"},"image":{"@id":"https:\/\/izarbide.net\/inicio\/aldizkaria-revista\/#primaryimage"},"thumbnailUrl":"http:\/\/izarbide.net\/wp-content\/uploads\/2019\/12\/portada-abendua12-212x300.jpg","keywords":["Diciembre 2019","Revista mensual","Revista primavera"],"articleSection":["Izarbide Zarautz"],"inLanguage":"es","potentialAction":[{"@type":"CommentAction","name":"Comment","target":["https:\/\/izarbide.net\/inicio\/aldizkaria-revista\/#respond"]}]},{"@type":"WebPage","@id":"https:\/\/izarbide.net\/inicio\/aldizkaria-revista\/","url":"https:\/\/izarbide.net\/inicio\/aldizkaria-revista\/","name":"ALDIZKARIA-REVISTA - IZARBIDE","isPartOf":{"@id":"https:\/\/izarbide.net\/inicio\/#website"},"primaryImageOfPage":{"@id":"https:\/\/izarbide.net\/inicio\/aldizkaria-revista\/#primaryimage"},"image":{"@id":"https:\/\/izarbide.net\/inicio\/aldizkaria-revista\/#primaryimage"},"thumbnailUrl":"http:\/\/izarbide.net\/wp-content\/uploads\/2019\/12\/portada-abendua12-212x300.jpg","datePublished":"2019-12-19T11:25:19+00:00","breadcrumb":{"@id":"https:\/\/izarbide.net\/inicio\/aldizkaria-revista\/#breadcrumb"},"inLanguage":"es","potentialAction":[{"@type":"ReadAction","target":["https:\/\/izarbide.net\/inicio\/aldizkaria-revista\/"]}]},{"@type":"ImageObject","inLanguage":"es","@id":"https:\/\/izarbide.net\/inicio\/aldizkaria-revista\/#primaryimage","url":"http:\/\/izarbide.net\/wp-content\/uploads\/2019\/12\/portada-abendua12-212x300.jpg","contentUrl":"http:\/\/izarbide.net\/wp-content\/uploads\/2019\/12\/portada-abendua12-212x300.jpg"},{"@type":"BreadcrumbList","@id":"https:\/\/izarbide.net\/inicio\/aldizkaria-revista\/#breadcrumb","itemListElement":[{"@type":"ListItem","position":1,"name":"Portada","item":"https:\/\/izarbide.net\/inicio\/"},{"@type":"ListItem","position":2,"name":"ALDIZKARIA-REVISTA"}]},{"@type":"WebSite","@id":"https:\/\/izarbide.net\/inicio\/#website","url":"https:\/\/izarbide.net\/inicio\/","name":"IZARBIDE","description":"Asociaci\u00f3n de Mayores Voluntarios en Inform\u00e1tica de Gipuzkoa - Gipuzkoako borondatezko adinekoen informatika arloko elkartea","publisher":{"@id":"https:\/\/izarbide.net\/inicio\/#organization"},"potentialAction":[{"@type":"SearchAction","target":{"@type":"EntryPoint","urlTemplate":"https:\/\/izarbide.net\/inicio\/?s={search_term_string}"},"query-input":{"@type":"PropertyValueSpecification","valueRequired":true,"valueName":"search_term_string"}}],"inLanguage":"es"},{"@type":"Organization","@id":"https:\/\/izarbide.net\/inicio\/#organization","name":"Izarbide","url":"https:\/\/izarbide.net\/inicio\/","logo":{"@type":"ImageObject","inLanguage":"es","@id":"https:\/\/izarbide.net\/inicio\/#\/schema\/logo\/image\/","url":"https:\/\/izarbide.net\/wp-content\/uploads\/2017\/02\/Logo-IZARBIDE-Web.jpg","contentUrl":"https:\/\/izarbide.net\/wp-content\/uploads\/2017\/02\/Logo-IZARBIDE-Web.jpg","width":205,"height":140,"caption":"Izarbide"},"image":{"@id":"https:\/\/izarbide.net\/inicio\/#\/schema\/logo\/image\/"}},{"@type":"Person","@id":"https:\/\/izarbide.net\/inicio\/#\/schema\/person\/64dfe8cb8fb3d7b7726cadf285aebf4a","name":"Juan Jos\u00e9 San Sebasti\u00e1n Arruti","image":{"@type":"ImageObject","inLanguage":"es","@id":"https:\/\/secure.gravatar.com\/avatar\/471a43f7c740cc5f65c51360daaf324f617c78519f5320f34cb9598686f306e1?s=96&d=mm&r=g","url":"https:\/\/secure.gravatar.com\/avatar\/471a43f7c740cc5f65c51360daaf324f617c78519f5320f34cb9598686f306e1?s=96&d=mm&r=g","contentUrl":"https:\/\/secure.gravatar.com\/avatar\/471a43f7c740cc5f65c51360daaf324f617c78519f5320f34cb9598686f306e1?s=96&d=mm&r=g","caption":"Juan Jos\u00e9 San Sebasti\u00e1n Arruti"},"sameAs":["http:\/\/www.izarbide.net"]}]}},"_links":{"self":[{"href":"https:\/\/izarbide.net\/inicio\/wp-json\/wp\/v2\/posts\/3732","targetHints":{"allow":["GET"]}}],"collection":[{"href":"https:\/\/izarbide.net\/inicio\/wp-json\/wp\/v2\/posts"}],"about":[{"href":"https:\/\/izarbide.net\/inicio\/wp-json\/wp\/v2\/types\/post"}],"author":[{"embeddable":true,"href":"https:\/\/izarbide.net\/inicio\/wp-json\/wp\/v2\/users\/12"}],"replies":[{"embeddable":true,"href":"https:\/\/izarbide.net\/inicio\/wp-json\/wp\/v2\/comments?post=3732"}],"version-history":[{"count":0,"href":"https:\/\/izarbide.net\/inicio\/wp-json\/wp\/v2\/posts\/3732\/revisions"}],"wp:attachment":[{"href":"https:\/\/izarbide.net\/inicio\/wp-json\/wp\/v2\/media?parent=3732"}],"wp:term":[{"taxonomy":"category","embeddable":true,"href":"https:\/\/izarbide.net\/inicio\/wp-json\/wp\/v2\/categories?post=3732"},{"taxonomy":"post_tag","embeddable":true,"href":"https:\/\/izarbide.net\/inicio\/wp-json\/wp\/v2\/tags?post=3732"}],"curies":[{"name":"wp","href":"https:\/\/api.w.org\/{rel}","templated":true}]}}