{"id":3688,"date":"2019-12-04T17:26:08","date_gmt":"2019-12-04T17:26:08","guid":{"rendered":"http:\/\/izarbide.net\/inicio\/?p=3688"},"modified":"2019-12-10T17:06:33","modified_gmt":"2019-12-10T17:06:33","slug":"dia-de-convivencia-3","status":"publish","type":"post","link":"https:\/\/izarbide.net\/inicio\/dia-de-convivencia-3\/","title":{"rendered":"D\u00cdA DE CONVIVENCIA"},"content":{"rendered":"<p><span style=\"font-weight: inherit; font-family: arial, helvetica, sans-serif; font-size: 14pt;\">El d\u00eda 15 de Noviembre de 2019, como es tradici\u00f3n en Izarbide, una vez al a\u00f1o, en fecha acordada nos juntamos tod@s los voluntari@s y parejas, para comentar nuestro trabajo en las diferentes aulas, ver en qu\u00e9 posibilidades podemos mejorar, y pasar un d\u00eda de fiesta entre amigos.<\/span><\/p>\n<p><a href=\"http:\/\/izarbide.net\/wp-content\/uploads\/2019\/12\/Museo.jpg\"><img loading=\"lazy\" decoding=\"async\" class=\"aligncenter size-full wp-image-3703\" src=\"http:\/\/izarbide.net\/wp-content\/uploads\/2019\/12\/Museo.jpg\" alt=\"\" width=\"818\" height=\"440\" srcset=\"https:\/\/izarbide.net\/wp-content\/uploads\/2019\/12\/Museo.jpg 818w, https:\/\/izarbide.net\/wp-content\/uploads\/2019\/12\/Museo-300x161.jpg 300w, https:\/\/izarbide.net\/wp-content\/uploads\/2019\/12\/Museo-768x413.jpg 768w\" sizes=\"auto, (max-width: 818px) 100vw, 818px\" \/><\/a><\/p>\n<p><span style=\"font-family: arial, helvetica, sans-serif; font-size: 14pt;\">Este a\u00f1o hemos estado en Donostia, visitando el Museo de San Telmo; seguidamente, nos trasladamos a la sociedad gastron\u00f3mica Uni\u00f3n Artesana, para comer tod@s juntos.<\/span><\/p>\n<p><span style=\"font-family: arial, helvetica, sans-serif; font-size: 14pt;\">La visita al Museo San Telmo ha sido muy interesante, y las explicaciones de la gu\u00eda muy instructivas.<\/span><\/p>\n<p><iframe loading=\"lazy\" title=\"D\u00cdA DE CONVIVENCIA IZARBIDE 2019 11 15\" width=\"1170\" height=\"658\" src=\"https:\/\/www.youtube.com\/embed\/xbf715QLBPI?feature=oembed\" frameborder=\"0\" allow=\"accelerometer; autoplay; encrypted-media; gyroscope; picture-in-picture\" allowfullscreen><\/iframe><\/p>\n","protected":false},"excerpt":{"rendered":"<p>El d\u00eda 15 de Noviembre de 2019, como es tradici\u00f3n en Izarbide, una vez al a\u00f1o, en fecha acordada nos juntamos tod@s los voluntari@s y parejas, para comentar nuestro trabajo en las diferentes aulas, ver en qu\u00e9 posibilidades podemos mejorar, y pasar un d\u00eda de fiesta entre amigos. Este a\u00f1o hemos estado en Donostia, visitando [&hellip;]<\/p>\n","protected":false},"author":10,"featured_media":3703,"comment_status":"open","ping_status":"open","sticky":false,"template":"","format":"standard","meta":{"footnotes":""},"categories":[464],"tags":[359,454,502],"class_list":{"0":"post-3688","1":"post","2":"type-post","3":"status-publish","4":"format-standard","5":"has-post-thumbnail","7":"category-asociacion-izarbide","8":"tag-dia-de-convivencia","9":"tag-izarbide","10":"tag-san-telmo","11":"czr-hentry"},"yoast_head":"<!-- This site is optimized with the Yoast SEO plugin v27.4 - https:\/\/yoast.com\/product\/yoast-seo-wordpress\/ -->\n<title>D\u00cdA DE CONVIVENCIA - IZARBIDE<\/title>\n<meta name=\"robots\" content=\"index, follow, max-snippet:-1, max-image-preview:large, max-video-preview:-1\" \/>\n<link rel=\"canonical\" href=\"https:\/\/izarbide.net\/inicio\/dia-de-convivencia-3\/\" \/>\n<meta property=\"og:locale\" content=\"es_ES\" \/>\n<meta property=\"og:type\" content=\"article\" \/>\n<meta property=\"og:title\" content=\"D\u00cdA DE CONVIVENCIA - IZARBIDE\" \/>\n<meta property=\"og:description\" content=\"El d\u00eda 15 de Noviembre de 2019, como es tradici\u00f3n en Izarbide, una vez al a\u00f1o, en fecha acordada nos juntamos tod@s los voluntari@s y parejas, para comentar nuestro trabajo en las diferentes aulas, ver en qu\u00e9 posibilidades podemos mejorar, y pasar un d\u00eda de fiesta entre amigos. Este a\u00f1o hemos estado en Donostia, visitando [&hellip;]\" \/>\n<meta property=\"og:url\" content=\"https:\/\/izarbide.net\/inicio\/dia-de-convivencia-3\/\" \/>\n<meta property=\"og:site_name\" content=\"IZARBIDE\" \/>\n<meta property=\"article:published_time\" content=\"2019-12-04T17:26:08+00:00\" \/>\n<meta property=\"article:modified_time\" content=\"2019-12-10T17:06:33+00:00\" \/>\n<meta property=\"og:image\" content=\"https:\/\/izarbide.net\/wp-content\/uploads\/2019\/12\/Museo.jpg\" \/>\n\t<meta property=\"og:image:width\" content=\"818\" \/>\n\t<meta property=\"og:image:height\" content=\"440\" \/>\n\t<meta property=\"og:image:type\" content=\"image\/jpeg\" \/>\n<meta name=\"author\" content=\"Marta Higuera Rubio\" \/>\n<meta name=\"twitter:card\" content=\"summary_large_image\" \/>\n<meta name=\"twitter:label1\" content=\"Escrito por\" \/>\n\t<meta name=\"twitter:data1\" content=\"Marta Higuera Rubio\" \/>\n\t<meta name=\"twitter:label2\" content=\"Tiempo de lectura\" \/>\n\t<meta name=\"twitter:data2\" content=\"1 minuto\" \/>\n<script type=\"application\/ld+json\" class=\"yoast-schema-graph\">{\"@context\":\"https:\\\/\\\/schema.org\",\"@graph\":[{\"@type\":\"Article\",\"@id\":\"https:\\\/\\\/izarbide.net\\\/inicio\\\/dia-de-convivencia-3\\\/#article\",\"isPartOf\":{\"@id\":\"https:\\\/\\\/izarbide.net\\\/inicio\\\/dia-de-convivencia-3\\\/\"},\"author\":{\"name\":\"Marta Higuera Rubio\",\"@id\":\"https:\\\/\\\/izarbide.net\\\/inicio\\\/#\\\/schema\\\/person\\\/5dc2bc054a0b461807b336c7b1006122\"},\"headline\":\"D\u00cdA DE CONVIVENCIA\",\"datePublished\":\"2019-12-04T17:26:08+00:00\",\"dateModified\":\"2019-12-10T17:06:33+00:00\",\"mainEntityOfPage\":{\"@id\":\"https:\\\/\\\/izarbide.net\\\/inicio\\\/dia-de-convivencia-3\\\/\"},\"wordCount\":109,\"commentCount\":1,\"publisher\":{\"@id\":\"https:\\\/\\\/izarbide.net\\\/inicio\\\/#organization\"},\"image\":{\"@id\":\"https:\\\/\\\/izarbide.net\\\/inicio\\\/dia-de-convivencia-3\\\/#primaryimage\"},\"thumbnailUrl\":\"https:\\\/\\\/izarbide.net\\\/wp-content\\\/uploads\\\/2019\\\/12\\\/Museo.jpg\",\"keywords\":[\"D\u00eda de convivencia\",\"Izarbide\",\"San Telmo\"],\"articleSection\":[\"Asociaci\u00f3n Izarbide\"],\"inLanguage\":\"es\",\"potentialAction\":[{\"@type\":\"CommentAction\",\"name\":\"Comment\",\"target\":[\"https:\\\/\\\/izarbide.net\\\/inicio\\\/dia-de-convivencia-3\\\/#respond\"]}]},{\"@type\":\"WebPage\",\"@id\":\"https:\\\/\\\/izarbide.net\\\/inicio\\\/dia-de-convivencia-3\\\/\",\"url\":\"https:\\\/\\\/izarbide.net\\\/inicio\\\/dia-de-convivencia-3\\\/\",\"name\":\"D\u00cdA DE CONVIVENCIA - IZARBIDE\",\"isPartOf\":{\"@id\":\"https:\\\/\\\/izarbide.net\\\/inicio\\\/#website\"},\"primaryImageOfPage\":{\"@id\":\"https:\\\/\\\/izarbide.net\\\/inicio\\\/dia-de-convivencia-3\\\/#primaryimage\"},\"image\":{\"@id\":\"https:\\\/\\\/izarbide.net\\\/inicio\\\/dia-de-convivencia-3\\\/#primaryimage\"},\"thumbnailUrl\":\"https:\\\/\\\/izarbide.net\\\/wp-content\\\/uploads\\\/2019\\\/12\\\/Museo.jpg\",\"datePublished\":\"2019-12-04T17:26:08+00:00\",\"dateModified\":\"2019-12-10T17:06:33+00:00\",\"breadcrumb\":{\"@id\":\"https:\\\/\\\/izarbide.net\\\/inicio\\\/dia-de-convivencia-3\\\/#breadcrumb\"},\"inLanguage\":\"es\",\"potentialAction\":[{\"@type\":\"ReadAction\",\"target\":[\"https:\\\/\\\/izarbide.net\\\/inicio\\\/dia-de-convivencia-3\\\/\"]}]},{\"@type\":\"ImageObject\",\"inLanguage\":\"es\",\"@id\":\"https:\\\/\\\/izarbide.net\\\/inicio\\\/dia-de-convivencia-3\\\/#primaryimage\",\"url\":\"https:\\\/\\\/izarbide.net\\\/wp-content\\\/uploads\\\/2019\\\/12\\\/Museo.jpg\",\"contentUrl\":\"https:\\\/\\\/izarbide.net\\\/wp-content\\\/uploads\\\/2019\\\/12\\\/Museo.jpg\",\"width\":818,\"height\":440,\"caption\":\"Museo San Telmo\"},{\"@type\":\"BreadcrumbList\",\"@id\":\"https:\\\/\\\/izarbide.net\\\/inicio\\\/dia-de-convivencia-3\\\/#breadcrumb\",\"itemListElement\":[{\"@type\":\"ListItem\",\"position\":1,\"name\":\"Portada\",\"item\":\"https:\\\/\\\/izarbide.net\\\/inicio\\\/\"},{\"@type\":\"ListItem\",\"position\":2,\"name\":\"D\u00cdA DE CONVIVENCIA\"}]},{\"@type\":\"WebSite\",\"@id\":\"https:\\\/\\\/izarbide.net\\\/inicio\\\/#website\",\"url\":\"https:\\\/\\\/izarbide.net\\\/inicio\\\/\",\"name\":\"IZARBIDE\",\"description\":\"Asociaci\u00f3n de Mayores Voluntarios en Inform\u00e1tica de Gipuzkoa - Gipuzkoako borondatezko adinekoen informatika arloko elkartea\",\"publisher\":{\"@id\":\"https:\\\/\\\/izarbide.net\\\/inicio\\\/#organization\"},\"potentialAction\":[{\"@type\":\"SearchAction\",\"target\":{\"@type\":\"EntryPoint\",\"urlTemplate\":\"https:\\\/\\\/izarbide.net\\\/inicio\\\/?s={search_term_string}\"},\"query-input\":{\"@type\":\"PropertyValueSpecification\",\"valueRequired\":true,\"valueName\":\"search_term_string\"}}],\"inLanguage\":\"es\"},{\"@type\":\"Organization\",\"@id\":\"https:\\\/\\\/izarbide.net\\\/inicio\\\/#organization\",\"name\":\"Izarbide\",\"url\":\"https:\\\/\\\/izarbide.net\\\/inicio\\\/\",\"logo\":{\"@type\":\"ImageObject\",\"inLanguage\":\"es\",\"@id\":\"https:\\\/\\\/izarbide.net\\\/inicio\\\/#\\\/schema\\\/logo\\\/image\\\/\",\"url\":\"https:\\\/\\\/izarbide.net\\\/wp-content\\\/uploads\\\/2017\\\/02\\\/Logo-IZARBIDE-Web.jpg\",\"contentUrl\":\"https:\\\/\\\/izarbide.net\\\/wp-content\\\/uploads\\\/2017\\\/02\\\/Logo-IZARBIDE-Web.jpg\",\"width\":205,\"height\":140,\"caption\":\"Izarbide\"},\"image\":{\"@id\":\"https:\\\/\\\/izarbide.net\\\/inicio\\\/#\\\/schema\\\/logo\\\/image\\\/\"}},{\"@type\":\"Person\",\"@id\":\"https:\\\/\\\/izarbide.net\\\/inicio\\\/#\\\/schema\\\/person\\\/5dc2bc054a0b461807b336c7b1006122\",\"name\":\"Marta Higuera Rubio\",\"image\":{\"@type\":\"ImageObject\",\"inLanguage\":\"es\",\"@id\":\"https:\\\/\\\/secure.gravatar.com\\\/avatar\\\/85addd7473d58d7732ec5106c06625fec3b9e871efc4a5bec592f7d50a26caa6?s=96&d=mm&r=g\",\"url\":\"https:\\\/\\\/secure.gravatar.com\\\/avatar\\\/85addd7473d58d7732ec5106c06625fec3b9e871efc4a5bec592f7d50a26caa6?s=96&d=mm&r=g\",\"contentUrl\":\"https:\\\/\\\/secure.gravatar.com\\\/avatar\\\/85addd7473d58d7732ec5106c06625fec3b9e871efc4a5bec592f7d50a26caa6?s=96&d=mm&r=g\",\"caption\":\"Marta Higuera Rubio\"},\"sameAs\":[\"http:\\\/\\\/www.izarbide.net\"]}]}<\/script>\n<!-- \/ Yoast SEO plugin. -->","yoast_head_json":{"title":"D\u00cdA DE CONVIVENCIA - IZARBIDE","robots":{"index":"index","follow":"follow","max-snippet":"max-snippet:-1","max-image-preview":"max-image-preview:large","max-video-preview":"max-video-preview:-1"},"canonical":"https:\/\/izarbide.net\/inicio\/dia-de-convivencia-3\/","og_locale":"es_ES","og_type":"article","og_title":"D\u00cdA DE CONVIVENCIA - IZARBIDE","og_description":"El d\u00eda 15 de Noviembre de 2019, como es tradici\u00f3n en Izarbide, una vez al a\u00f1o, en fecha acordada nos juntamos tod@s los voluntari@s y parejas, para comentar nuestro trabajo en las diferentes aulas, ver en qu\u00e9 posibilidades podemos mejorar, y pasar un d\u00eda de fiesta entre amigos. Este a\u00f1o hemos estado en Donostia, visitando [&hellip;]","og_url":"https:\/\/izarbide.net\/inicio\/dia-de-convivencia-3\/","og_site_name":"IZARBIDE","article_published_time":"2019-12-04T17:26:08+00:00","article_modified_time":"2019-12-10T17:06:33+00:00","og_image":[{"width":818,"height":440,"url":"https:\/\/izarbide.net\/wp-content\/uploads\/2019\/12\/Museo.jpg","type":"image\/jpeg"}],"author":"Marta Higuera Rubio","twitter_card":"summary_large_image","twitter_misc":{"Escrito por":"Marta Higuera Rubio","Tiempo de lectura":"1 minuto"},"schema":{"@context":"https:\/\/schema.org","@graph":[{"@type":"Article","@id":"https:\/\/izarbide.net\/inicio\/dia-de-convivencia-3\/#article","isPartOf":{"@id":"https:\/\/izarbide.net\/inicio\/dia-de-convivencia-3\/"},"author":{"name":"Marta Higuera Rubio","@id":"https:\/\/izarbide.net\/inicio\/#\/schema\/person\/5dc2bc054a0b461807b336c7b1006122"},"headline":"D\u00cdA DE CONVIVENCIA","datePublished":"2019-12-04T17:26:08+00:00","dateModified":"2019-12-10T17:06:33+00:00","mainEntityOfPage":{"@id":"https:\/\/izarbide.net\/inicio\/dia-de-convivencia-3\/"},"wordCount":109,"commentCount":1,"publisher":{"@id":"https:\/\/izarbide.net\/inicio\/#organization"},"image":{"@id":"https:\/\/izarbide.net\/inicio\/dia-de-convivencia-3\/#primaryimage"},"thumbnailUrl":"https:\/\/izarbide.net\/wp-content\/uploads\/2019\/12\/Museo.jpg","keywords":["D\u00eda de convivencia","Izarbide","San Telmo"],"articleSection":["Asociaci\u00f3n Izarbide"],"inLanguage":"es","potentialAction":[{"@type":"CommentAction","name":"Comment","target":["https:\/\/izarbide.net\/inicio\/dia-de-convivencia-3\/#respond"]}]},{"@type":"WebPage","@id":"https:\/\/izarbide.net\/inicio\/dia-de-convivencia-3\/","url":"https:\/\/izarbide.net\/inicio\/dia-de-convivencia-3\/","name":"D\u00cdA DE CONVIVENCIA - IZARBIDE","isPartOf":{"@id":"https:\/\/izarbide.net\/inicio\/#website"},"primaryImageOfPage":{"@id":"https:\/\/izarbide.net\/inicio\/dia-de-convivencia-3\/#primaryimage"},"image":{"@id":"https:\/\/izarbide.net\/inicio\/dia-de-convivencia-3\/#primaryimage"},"thumbnailUrl":"https:\/\/izarbide.net\/wp-content\/uploads\/2019\/12\/Museo.jpg","datePublished":"2019-12-04T17:26:08+00:00","dateModified":"2019-12-10T17:06:33+00:00","breadcrumb":{"@id":"https:\/\/izarbide.net\/inicio\/dia-de-convivencia-3\/#breadcrumb"},"inLanguage":"es","potentialAction":[{"@type":"ReadAction","target":["https:\/\/izarbide.net\/inicio\/dia-de-convivencia-3\/"]}]},{"@type":"ImageObject","inLanguage":"es","@id":"https:\/\/izarbide.net\/inicio\/dia-de-convivencia-3\/#primaryimage","url":"https:\/\/izarbide.net\/wp-content\/uploads\/2019\/12\/Museo.jpg","contentUrl":"https:\/\/izarbide.net\/wp-content\/uploads\/2019\/12\/Museo.jpg","width":818,"height":440,"caption":"Museo San Telmo"},{"@type":"BreadcrumbList","@id":"https:\/\/izarbide.net\/inicio\/dia-de-convivencia-3\/#breadcrumb","itemListElement":[{"@type":"ListItem","position":1,"name":"Portada","item":"https:\/\/izarbide.net\/inicio\/"},{"@type":"ListItem","position":2,"name":"D\u00cdA DE CONVIVENCIA"}]},{"@type":"WebSite","@id":"https:\/\/izarbide.net\/inicio\/#website","url":"https:\/\/izarbide.net\/inicio\/","name":"IZARBIDE","description":"Asociaci\u00f3n de Mayores Voluntarios en Inform\u00e1tica de Gipuzkoa - Gipuzkoako borondatezko adinekoen informatika arloko elkartea","publisher":{"@id":"https:\/\/izarbide.net\/inicio\/#organization"},"potentialAction":[{"@type":"SearchAction","target":{"@type":"EntryPoint","urlTemplate":"https:\/\/izarbide.net\/inicio\/?s={search_term_string}"},"query-input":{"@type":"PropertyValueSpecification","valueRequired":true,"valueName":"search_term_string"}}],"inLanguage":"es"},{"@type":"Organization","@id":"https:\/\/izarbide.net\/inicio\/#organization","name":"Izarbide","url":"https:\/\/izarbide.net\/inicio\/","logo":{"@type":"ImageObject","inLanguage":"es","@id":"https:\/\/izarbide.net\/inicio\/#\/schema\/logo\/image\/","url":"https:\/\/izarbide.net\/wp-content\/uploads\/2017\/02\/Logo-IZARBIDE-Web.jpg","contentUrl":"https:\/\/izarbide.net\/wp-content\/uploads\/2017\/02\/Logo-IZARBIDE-Web.jpg","width":205,"height":140,"caption":"Izarbide"},"image":{"@id":"https:\/\/izarbide.net\/inicio\/#\/schema\/logo\/image\/"}},{"@type":"Person","@id":"https:\/\/izarbide.net\/inicio\/#\/schema\/person\/5dc2bc054a0b461807b336c7b1006122","name":"Marta Higuera Rubio","image":{"@type":"ImageObject","inLanguage":"es","@id":"https:\/\/secure.gravatar.com\/avatar\/85addd7473d58d7732ec5106c06625fec3b9e871efc4a5bec592f7d50a26caa6?s=96&d=mm&r=g","url":"https:\/\/secure.gravatar.com\/avatar\/85addd7473d58d7732ec5106c06625fec3b9e871efc4a5bec592f7d50a26caa6?s=96&d=mm&r=g","contentUrl":"https:\/\/secure.gravatar.com\/avatar\/85addd7473d58d7732ec5106c06625fec3b9e871efc4a5bec592f7d50a26caa6?s=96&d=mm&r=g","caption":"Marta Higuera Rubio"},"sameAs":["http:\/\/www.izarbide.net"]}]}},"_links":{"self":[{"href":"https:\/\/izarbide.net\/inicio\/wp-json\/wp\/v2\/posts\/3688","targetHints":{"allow":["GET"]}}],"collection":[{"href":"https:\/\/izarbide.net\/inicio\/wp-json\/wp\/v2\/posts"}],"about":[{"href":"https:\/\/izarbide.net\/inicio\/wp-json\/wp\/v2\/types\/post"}],"author":[{"embeddable":true,"href":"https:\/\/izarbide.net\/inicio\/wp-json\/wp\/v2\/users\/10"}],"replies":[{"embeddable":true,"href":"https:\/\/izarbide.net\/inicio\/wp-json\/wp\/v2\/comments?post=3688"}],"version-history":[{"count":0,"href":"https:\/\/izarbide.net\/inicio\/wp-json\/wp\/v2\/posts\/3688\/revisions"}],"wp:featuredmedia":[{"embeddable":true,"href":"https:\/\/izarbide.net\/inicio\/wp-json\/wp\/v2\/media\/3703"}],"wp:attachment":[{"href":"https:\/\/izarbide.net\/inicio\/wp-json\/wp\/v2\/media?parent=3688"}],"wp:term":[{"taxonomy":"category","embeddable":true,"href":"https:\/\/izarbide.net\/inicio\/wp-json\/wp\/v2\/categories?post=3688"},{"taxonomy":"post_tag","embeddable":true,"href":"https:\/\/izarbide.net\/inicio\/wp-json\/wp\/v2\/tags?post=3688"}],"curies":[{"name":"wp","href":"https:\/\/api.w.org\/{rel}","templated":true}]}}