{"id":3595,"date":"2019-07-08T16:15:36","date_gmt":"2019-07-08T16:15:36","guid":{"rendered":"http:\/\/izarbide.net\/inicio\/?p=3595"},"modified":"2019-07-09T10:32:09","modified_gmt":"2019-07-09T10:32:09","slug":"colonias-de-verano-en-san-asensio","status":"publish","type":"post","link":"https:\/\/izarbide.net\/inicio\/colonias-de-verano-en-san-asensio\/","title":{"rendered":"COLONIAS DE VERANO EN SAN ASENSIO"},"content":{"rendered":"<p style=\"text-align: justify;\"><span style=\"font-family: arial, helvetica, sans-serif; font-size: 14pt;\">Por segundo a\u00f1o, el Centro Social Untzaga organiza las colonias de verano para personas mayores en el Monasterio Santa M\u00aa de la Estrella en San Asensio. El \u00fanico requisito es que se pertenezca a uno de los cuatro Centros Sociales de Eibar.<\/span><\/p>\n<p style=\"text-align: justify;\"><span style=\"font-family: arial, helvetica, sans-serif; font-size: 14pt;\">Este a\u00f1o, en la segunda edici\u00f3n van 32 personas, el a\u00f1o pasado fueron 16 personas.<\/span><\/p>\n<div id=\"attachment_3596\" style=\"width: 1034px\" class=\"wp-caption alignright\"><a href=\"http:\/\/izarbide.net\/wp-content\/uploads\/2019\/07\/2019-Grupo-San-Asensio.jpg\"><img loading=\"lazy\" decoding=\"async\" aria-describedby=\"caption-attachment-3596\" class=\"wp-image-3596 size-large\" src=\"http:\/\/izarbide.net\/wp-content\/uploads\/2019\/07\/2019-Grupo-San-Asensio-1024x768.jpg\" alt=\"2019- Grupo San Asensio\" width=\"1024\" height=\"768\" srcset=\"https:\/\/izarbide.net\/wp-content\/uploads\/2019\/07\/2019-Grupo-San-Asensio-1024x768.jpg 1024w, https:\/\/izarbide.net\/wp-content\/uploads\/2019\/07\/2019-Grupo-San-Asensio-300x225.jpg 300w, https:\/\/izarbide.net\/wp-content\/uploads\/2019\/07\/2019-Grupo-San-Asensio-768x576.jpg 768w, https:\/\/izarbide.net\/wp-content\/uploads\/2019\/07\/2019-Grupo-San-Asensio.jpg 1200w\" sizes=\"auto, (max-width: 1024px) 100vw, 1024px\" \/><\/a><p id=\"caption-attachment-3596\" class=\"wp-caption-text\">2019- Grupo San Asensio<\/p><\/div>\n<p style=\"text-align: justify;\"><span style=\"font-family: arial, helvetica, sans-serif; font-size: 14pt;\">La iniciativa en cuesti\u00f3n persigue presentar al colectivo de las personas mayores un nuevo planteamiento de ocio y crecimiento personal; trabajar los valores colectivos, la socializaci\u00f3n, el compa\u00f1erismo, solidaridad etc. Esto est\u00e1 bien visto por los propios participantes y las instituciones que apoyan la iniciativa.<\/span><\/p>\n<div id=\"attachment_3598\" style=\"width: 359px\" class=\"wp-caption alignright\"><a href=\"http:\/\/izarbide.net\/wp-content\/uploads\/2019\/07\/2019-Actividades-San-Asensio.jpg\"><img loading=\"lazy\" decoding=\"async\" aria-describedby=\"caption-attachment-3598\" class=\"wp-image-3598\" src=\"http:\/\/izarbide.net\/wp-content\/uploads\/2019\/07\/2019-Actividades-San-Asensio-768x1024.jpg\" alt=\"2019-Actividades San Asensio\" width=\"349\" height=\"465\" srcset=\"https:\/\/izarbide.net\/wp-content\/uploads\/2019\/07\/2019-Actividades-San-Asensio-768x1024.jpg 768w, https:\/\/izarbide.net\/wp-content\/uploads\/2019\/07\/2019-Actividades-San-Asensio-225x300.jpg 225w, https:\/\/izarbide.net\/wp-content\/uploads\/2019\/07\/2019-Actividades-San-Asensio.jpg 900w\" sizes=\"auto, (max-width: 349px) 100vw, 349px\" \/><\/a><p id=\"caption-attachment-3598\" class=\"wp-caption-text\">2019-Actividades San Asensio<\/p><\/div>\n<p>&nbsp;<\/p>\n<p style=\"text-align: justify;\"><span style=\"font-family: arial, helvetica, sans-serif; font-size: 14pt;\">La estancia se llevar\u00e1 a cabo desde el 26 al 30 de junio, y al precio de 160 euros, los mayores, una vez m\u00e1s, tendr\u00e1n cubierto el viaje en autob\u00fas desde Eibar, la pensi\u00f3n completa y los materiales para las numerosas actividades que se han organizado.<\/span><\/p>\n<p>&nbsp;<\/p>\n<p style=\"text-align: justify;\"><span style=\"font-family: arial, helvetica, sans-serif; font-size: 14pt;\">En la maleta a parte del equipaje habitual s\u00f3lo necesitas actitud positiva y participativa, buen humor y sobre todo esp\u00edritu inquieto y mente abierta, solos o en pareja.<\/span><\/p>\n<p>&nbsp;<\/p>\n<p>&nbsp;<\/p>\n<p>&nbsp;<\/p>\n<p>&nbsp;<\/p>\n","protected":false},"excerpt":{"rendered":"<p>Por segundo a\u00f1o, el Centro Social Untzaga organiza las colonias de verano para personas mayores en el Monasterio Santa M\u00aa de la Estrella en San Asensio. El \u00fanico requisito es que se pertenezca a uno de los cuatro Centros Sociales de Eibar. Este a\u00f1o, en la segunda edici\u00f3n van 32 personas, el a\u00f1o pasado fueron [&hellip;]<\/p>\n","protected":false},"author":10,"featured_media":3596,"comment_status":"open","ping_status":"open","sticky":false,"template":"","format":"standard","meta":{"footnotes":""},"categories":[466],"tags":[462,458,460],"class_list":{"0":"post-3595","1":"post","2":"type-post","3":"status-publish","4":"format-standard","5":"has-post-thumbnail","7":"category-izarbide-eibar","8":"tag-colonias","9":"tag-izarbide-eibar","10":"tag-san-asensio","11":"czr-hentry"},"yoast_head":"<!-- This site is optimized with the Yoast SEO plugin v27.4 - https:\/\/yoast.com\/product\/yoast-seo-wordpress\/ -->\n<title>COLONIAS DE VERANO EN SAN ASENSIO - IZARBIDE<\/title>\n<meta name=\"robots\" content=\"index, follow, max-snippet:-1, max-image-preview:large, max-video-preview:-1\" \/>\n<link rel=\"canonical\" href=\"https:\/\/izarbide.net\/inicio\/colonias-de-verano-en-san-asensio\/\" \/>\n<meta property=\"og:locale\" content=\"es_ES\" \/>\n<meta property=\"og:type\" content=\"article\" \/>\n<meta property=\"og:title\" content=\"COLONIAS DE VERANO EN SAN ASENSIO - IZARBIDE\" \/>\n<meta property=\"og:description\" content=\"Por segundo a\u00f1o, el Centro Social Untzaga organiza las colonias de verano para personas mayores en el Monasterio Santa M\u00aa de la Estrella en San Asensio. El \u00fanico requisito es que se pertenezca a uno de los cuatro Centros Sociales de Eibar. Este a\u00f1o, en la segunda edici\u00f3n van 32 personas, el a\u00f1o pasado fueron [&hellip;]\" \/>\n<meta property=\"og:url\" content=\"https:\/\/izarbide.net\/inicio\/colonias-de-verano-en-san-asensio\/\" \/>\n<meta property=\"og:site_name\" content=\"IZARBIDE\" \/>\n<meta property=\"article:published_time\" content=\"2019-07-08T16:15:36+00:00\" \/>\n<meta property=\"article:modified_time\" content=\"2019-07-09T10:32:09+00:00\" \/>\n<meta property=\"og:image\" content=\"https:\/\/izarbide.net\/wp-content\/uploads\/2019\/07\/2019-Grupo-San-Asensio.jpg\" \/>\n\t<meta property=\"og:image:width\" content=\"1200\" \/>\n\t<meta property=\"og:image:height\" content=\"900\" \/>\n\t<meta property=\"og:image:type\" content=\"image\/jpeg\" \/>\n<meta name=\"author\" content=\"Marta Higuera Rubio\" \/>\n<meta name=\"twitter:card\" content=\"summary_large_image\" \/>\n<meta name=\"twitter:label1\" content=\"Escrito por\" \/>\n\t<meta name=\"twitter:data1\" content=\"Marta Higuera Rubio\" \/>\n\t<meta name=\"twitter:label2\" content=\"Tiempo de lectura\" \/>\n\t<meta name=\"twitter:data2\" content=\"1 minuto\" \/>\n<script type=\"application\/ld+json\" class=\"yoast-schema-graph\">{\"@context\":\"https:\\\/\\\/schema.org\",\"@graph\":[{\"@type\":\"Article\",\"@id\":\"https:\\\/\\\/izarbide.net\\\/inicio\\\/colonias-de-verano-en-san-asensio\\\/#article\",\"isPartOf\":{\"@id\":\"https:\\\/\\\/izarbide.net\\\/inicio\\\/colonias-de-verano-en-san-asensio\\\/\"},\"author\":{\"name\":\"Marta Higuera Rubio\",\"@id\":\"https:\\\/\\\/izarbide.net\\\/inicio\\\/#\\\/schema\\\/person\\\/5dc2bc054a0b461807b336c7b1006122\"},\"headline\":\"COLONIAS DE VERANO EN SAN ASENSIO\",\"datePublished\":\"2019-07-08T16:15:36+00:00\",\"dateModified\":\"2019-07-09T10:32:09+00:00\",\"mainEntityOfPage\":{\"@id\":\"https:\\\/\\\/izarbide.net\\\/inicio\\\/colonias-de-verano-en-san-asensio\\\/\"},\"wordCount\":217,\"commentCount\":0,\"publisher\":{\"@id\":\"https:\\\/\\\/izarbide.net\\\/inicio\\\/#organization\"},\"image\":{\"@id\":\"https:\\\/\\\/izarbide.net\\\/inicio\\\/colonias-de-verano-en-san-asensio\\\/#primaryimage\"},\"thumbnailUrl\":\"https:\\\/\\\/izarbide.net\\\/wp-content\\\/uploads\\\/2019\\\/07\\\/2019-Grupo-San-Asensio.jpg\",\"keywords\":[\"Colonias\",\"Izarbide Eibar\",\"San Asensio\"],\"articleSection\":[\"Izarbide Eibar\"],\"inLanguage\":\"es\",\"potentialAction\":[{\"@type\":\"CommentAction\",\"name\":\"Comment\",\"target\":[\"https:\\\/\\\/izarbide.net\\\/inicio\\\/colonias-de-verano-en-san-asensio\\\/#respond\"]}]},{\"@type\":\"WebPage\",\"@id\":\"https:\\\/\\\/izarbide.net\\\/inicio\\\/colonias-de-verano-en-san-asensio\\\/\",\"url\":\"https:\\\/\\\/izarbide.net\\\/inicio\\\/colonias-de-verano-en-san-asensio\\\/\",\"name\":\"COLONIAS DE VERANO EN SAN ASENSIO - IZARBIDE\",\"isPartOf\":{\"@id\":\"https:\\\/\\\/izarbide.net\\\/inicio\\\/#website\"},\"primaryImageOfPage\":{\"@id\":\"https:\\\/\\\/izarbide.net\\\/inicio\\\/colonias-de-verano-en-san-asensio\\\/#primaryimage\"},\"image\":{\"@id\":\"https:\\\/\\\/izarbide.net\\\/inicio\\\/colonias-de-verano-en-san-asensio\\\/#primaryimage\"},\"thumbnailUrl\":\"https:\\\/\\\/izarbide.net\\\/wp-content\\\/uploads\\\/2019\\\/07\\\/2019-Grupo-San-Asensio.jpg\",\"datePublished\":\"2019-07-08T16:15:36+00:00\",\"dateModified\":\"2019-07-09T10:32:09+00:00\",\"breadcrumb\":{\"@id\":\"https:\\\/\\\/izarbide.net\\\/inicio\\\/colonias-de-verano-en-san-asensio\\\/#breadcrumb\"},\"inLanguage\":\"es\",\"potentialAction\":[{\"@type\":\"ReadAction\",\"target\":[\"https:\\\/\\\/izarbide.net\\\/inicio\\\/colonias-de-verano-en-san-asensio\\\/\"]}]},{\"@type\":\"ImageObject\",\"inLanguage\":\"es\",\"@id\":\"https:\\\/\\\/izarbide.net\\\/inicio\\\/colonias-de-verano-en-san-asensio\\\/#primaryimage\",\"url\":\"https:\\\/\\\/izarbide.net\\\/wp-content\\\/uploads\\\/2019\\\/07\\\/2019-Grupo-San-Asensio.jpg\",\"contentUrl\":\"https:\\\/\\\/izarbide.net\\\/wp-content\\\/uploads\\\/2019\\\/07\\\/2019-Grupo-San-Asensio.jpg\",\"width\":1200,\"height\":900,\"caption\":\"2019- Grupo San Asensio\"},{\"@type\":\"BreadcrumbList\",\"@id\":\"https:\\\/\\\/izarbide.net\\\/inicio\\\/colonias-de-verano-en-san-asensio\\\/#breadcrumb\",\"itemListElement\":[{\"@type\":\"ListItem\",\"position\":1,\"name\":\"Portada\",\"item\":\"https:\\\/\\\/izarbide.net\\\/inicio\\\/\"},{\"@type\":\"ListItem\",\"position\":2,\"name\":\"COLONIAS DE VERANO EN SAN ASENSIO\"}]},{\"@type\":\"WebSite\",\"@id\":\"https:\\\/\\\/izarbide.net\\\/inicio\\\/#website\",\"url\":\"https:\\\/\\\/izarbide.net\\\/inicio\\\/\",\"name\":\"IZARBIDE\",\"description\":\"Asociaci\u00f3n de Mayores Voluntarios en Inform\u00e1tica de Gipuzkoa - Gipuzkoako borondatezko adinekoen informatika arloko elkartea\",\"publisher\":{\"@id\":\"https:\\\/\\\/izarbide.net\\\/inicio\\\/#organization\"},\"potentialAction\":[{\"@type\":\"SearchAction\",\"target\":{\"@type\":\"EntryPoint\",\"urlTemplate\":\"https:\\\/\\\/izarbide.net\\\/inicio\\\/?s={search_term_string}\"},\"query-input\":{\"@type\":\"PropertyValueSpecification\",\"valueRequired\":true,\"valueName\":\"search_term_string\"}}],\"inLanguage\":\"es\"},{\"@type\":\"Organization\",\"@id\":\"https:\\\/\\\/izarbide.net\\\/inicio\\\/#organization\",\"name\":\"Izarbide\",\"url\":\"https:\\\/\\\/izarbide.net\\\/inicio\\\/\",\"logo\":{\"@type\":\"ImageObject\",\"inLanguage\":\"es\",\"@id\":\"https:\\\/\\\/izarbide.net\\\/inicio\\\/#\\\/schema\\\/logo\\\/image\\\/\",\"url\":\"https:\\\/\\\/izarbide.net\\\/wp-content\\\/uploads\\\/2017\\\/02\\\/Logo-IZARBIDE-Web.jpg\",\"contentUrl\":\"https:\\\/\\\/izarbide.net\\\/wp-content\\\/uploads\\\/2017\\\/02\\\/Logo-IZARBIDE-Web.jpg\",\"width\":205,\"height\":140,\"caption\":\"Izarbide\"},\"image\":{\"@id\":\"https:\\\/\\\/izarbide.net\\\/inicio\\\/#\\\/schema\\\/logo\\\/image\\\/\"}},{\"@type\":\"Person\",\"@id\":\"https:\\\/\\\/izarbide.net\\\/inicio\\\/#\\\/schema\\\/person\\\/5dc2bc054a0b461807b336c7b1006122\",\"name\":\"Marta Higuera Rubio\",\"image\":{\"@type\":\"ImageObject\",\"inLanguage\":\"es\",\"@id\":\"https:\\\/\\\/secure.gravatar.com\\\/avatar\\\/85addd7473d58d7732ec5106c06625fec3b9e871efc4a5bec592f7d50a26caa6?s=96&d=mm&r=g\",\"url\":\"https:\\\/\\\/secure.gravatar.com\\\/avatar\\\/85addd7473d58d7732ec5106c06625fec3b9e871efc4a5bec592f7d50a26caa6?s=96&d=mm&r=g\",\"contentUrl\":\"https:\\\/\\\/secure.gravatar.com\\\/avatar\\\/85addd7473d58d7732ec5106c06625fec3b9e871efc4a5bec592f7d50a26caa6?s=96&d=mm&r=g\",\"caption\":\"Marta Higuera Rubio\"},\"sameAs\":[\"http:\\\/\\\/www.izarbide.net\"]}]}<\/script>\n<!-- \/ Yoast SEO plugin. -->","yoast_head_json":{"title":"COLONIAS DE VERANO EN SAN ASENSIO - IZARBIDE","robots":{"index":"index","follow":"follow","max-snippet":"max-snippet:-1","max-image-preview":"max-image-preview:large","max-video-preview":"max-video-preview:-1"},"canonical":"https:\/\/izarbide.net\/inicio\/colonias-de-verano-en-san-asensio\/","og_locale":"es_ES","og_type":"article","og_title":"COLONIAS DE VERANO EN SAN ASENSIO - IZARBIDE","og_description":"Por segundo a\u00f1o, el Centro Social Untzaga organiza las colonias de verano para personas mayores en el Monasterio Santa M\u00aa de la Estrella en San Asensio. El \u00fanico requisito es que se pertenezca a uno de los cuatro Centros Sociales de Eibar. Este a\u00f1o, en la segunda edici\u00f3n van 32 personas, el a\u00f1o pasado fueron [&hellip;]","og_url":"https:\/\/izarbide.net\/inicio\/colonias-de-verano-en-san-asensio\/","og_site_name":"IZARBIDE","article_published_time":"2019-07-08T16:15:36+00:00","article_modified_time":"2019-07-09T10:32:09+00:00","og_image":[{"width":1200,"height":900,"url":"https:\/\/izarbide.net\/wp-content\/uploads\/2019\/07\/2019-Grupo-San-Asensio.jpg","type":"image\/jpeg"}],"author":"Marta Higuera Rubio","twitter_card":"summary_large_image","twitter_misc":{"Escrito por":"Marta Higuera Rubio","Tiempo de lectura":"1 minuto"},"schema":{"@context":"https:\/\/schema.org","@graph":[{"@type":"Article","@id":"https:\/\/izarbide.net\/inicio\/colonias-de-verano-en-san-asensio\/#article","isPartOf":{"@id":"https:\/\/izarbide.net\/inicio\/colonias-de-verano-en-san-asensio\/"},"author":{"name":"Marta Higuera Rubio","@id":"https:\/\/izarbide.net\/inicio\/#\/schema\/person\/5dc2bc054a0b461807b336c7b1006122"},"headline":"COLONIAS DE VERANO EN SAN ASENSIO","datePublished":"2019-07-08T16:15:36+00:00","dateModified":"2019-07-09T10:32:09+00:00","mainEntityOfPage":{"@id":"https:\/\/izarbide.net\/inicio\/colonias-de-verano-en-san-asensio\/"},"wordCount":217,"commentCount":0,"publisher":{"@id":"https:\/\/izarbide.net\/inicio\/#organization"},"image":{"@id":"https:\/\/izarbide.net\/inicio\/colonias-de-verano-en-san-asensio\/#primaryimage"},"thumbnailUrl":"https:\/\/izarbide.net\/wp-content\/uploads\/2019\/07\/2019-Grupo-San-Asensio.jpg","keywords":["Colonias","Izarbide Eibar","San Asensio"],"articleSection":["Izarbide Eibar"],"inLanguage":"es","potentialAction":[{"@type":"CommentAction","name":"Comment","target":["https:\/\/izarbide.net\/inicio\/colonias-de-verano-en-san-asensio\/#respond"]}]},{"@type":"WebPage","@id":"https:\/\/izarbide.net\/inicio\/colonias-de-verano-en-san-asensio\/","url":"https:\/\/izarbide.net\/inicio\/colonias-de-verano-en-san-asensio\/","name":"COLONIAS DE VERANO EN SAN ASENSIO - IZARBIDE","isPartOf":{"@id":"https:\/\/izarbide.net\/inicio\/#website"},"primaryImageOfPage":{"@id":"https:\/\/izarbide.net\/inicio\/colonias-de-verano-en-san-asensio\/#primaryimage"},"image":{"@id":"https:\/\/izarbide.net\/inicio\/colonias-de-verano-en-san-asensio\/#primaryimage"},"thumbnailUrl":"https:\/\/izarbide.net\/wp-content\/uploads\/2019\/07\/2019-Grupo-San-Asensio.jpg","datePublished":"2019-07-08T16:15:36+00:00","dateModified":"2019-07-09T10:32:09+00:00","breadcrumb":{"@id":"https:\/\/izarbide.net\/inicio\/colonias-de-verano-en-san-asensio\/#breadcrumb"},"inLanguage":"es","potentialAction":[{"@type":"ReadAction","target":["https:\/\/izarbide.net\/inicio\/colonias-de-verano-en-san-asensio\/"]}]},{"@type":"ImageObject","inLanguage":"es","@id":"https:\/\/izarbide.net\/inicio\/colonias-de-verano-en-san-asensio\/#primaryimage","url":"https:\/\/izarbide.net\/wp-content\/uploads\/2019\/07\/2019-Grupo-San-Asensio.jpg","contentUrl":"https:\/\/izarbide.net\/wp-content\/uploads\/2019\/07\/2019-Grupo-San-Asensio.jpg","width":1200,"height":900,"caption":"2019- Grupo San Asensio"},{"@type":"BreadcrumbList","@id":"https:\/\/izarbide.net\/inicio\/colonias-de-verano-en-san-asensio\/#breadcrumb","itemListElement":[{"@type":"ListItem","position":1,"name":"Portada","item":"https:\/\/izarbide.net\/inicio\/"},{"@type":"ListItem","position":2,"name":"COLONIAS DE VERANO EN SAN ASENSIO"}]},{"@type":"WebSite","@id":"https:\/\/izarbide.net\/inicio\/#website","url":"https:\/\/izarbide.net\/inicio\/","name":"IZARBIDE","description":"Asociaci\u00f3n de Mayores Voluntarios en Inform\u00e1tica de Gipuzkoa - Gipuzkoako borondatezko adinekoen informatika arloko elkartea","publisher":{"@id":"https:\/\/izarbide.net\/inicio\/#organization"},"potentialAction":[{"@type":"SearchAction","target":{"@type":"EntryPoint","urlTemplate":"https:\/\/izarbide.net\/inicio\/?s={search_term_string}"},"query-input":{"@type":"PropertyValueSpecification","valueRequired":true,"valueName":"search_term_string"}}],"inLanguage":"es"},{"@type":"Organization","@id":"https:\/\/izarbide.net\/inicio\/#organization","name":"Izarbide","url":"https:\/\/izarbide.net\/inicio\/","logo":{"@type":"ImageObject","inLanguage":"es","@id":"https:\/\/izarbide.net\/inicio\/#\/schema\/logo\/image\/","url":"https:\/\/izarbide.net\/wp-content\/uploads\/2017\/02\/Logo-IZARBIDE-Web.jpg","contentUrl":"https:\/\/izarbide.net\/wp-content\/uploads\/2017\/02\/Logo-IZARBIDE-Web.jpg","width":205,"height":140,"caption":"Izarbide"},"image":{"@id":"https:\/\/izarbide.net\/inicio\/#\/schema\/logo\/image\/"}},{"@type":"Person","@id":"https:\/\/izarbide.net\/inicio\/#\/schema\/person\/5dc2bc054a0b461807b336c7b1006122","name":"Marta Higuera Rubio","image":{"@type":"ImageObject","inLanguage":"es","@id":"https:\/\/secure.gravatar.com\/avatar\/85addd7473d58d7732ec5106c06625fec3b9e871efc4a5bec592f7d50a26caa6?s=96&d=mm&r=g","url":"https:\/\/secure.gravatar.com\/avatar\/85addd7473d58d7732ec5106c06625fec3b9e871efc4a5bec592f7d50a26caa6?s=96&d=mm&r=g","contentUrl":"https:\/\/secure.gravatar.com\/avatar\/85addd7473d58d7732ec5106c06625fec3b9e871efc4a5bec592f7d50a26caa6?s=96&d=mm&r=g","caption":"Marta Higuera Rubio"},"sameAs":["http:\/\/www.izarbide.net"]}]}},"_links":{"self":[{"href":"https:\/\/izarbide.net\/inicio\/wp-json\/wp\/v2\/posts\/3595","targetHints":{"allow":["GET"]}}],"collection":[{"href":"https:\/\/izarbide.net\/inicio\/wp-json\/wp\/v2\/posts"}],"about":[{"href":"https:\/\/izarbide.net\/inicio\/wp-json\/wp\/v2\/types\/post"}],"author":[{"embeddable":true,"href":"https:\/\/izarbide.net\/inicio\/wp-json\/wp\/v2\/users\/10"}],"replies":[{"embeddable":true,"href":"https:\/\/izarbide.net\/inicio\/wp-json\/wp\/v2\/comments?post=3595"}],"version-history":[{"count":0,"href":"https:\/\/izarbide.net\/inicio\/wp-json\/wp\/v2\/posts\/3595\/revisions"}],"wp:featuredmedia":[{"embeddable":true,"href":"https:\/\/izarbide.net\/inicio\/wp-json\/wp\/v2\/media\/3596"}],"wp:attachment":[{"href":"https:\/\/izarbide.net\/inicio\/wp-json\/wp\/v2\/media?parent=3595"}],"wp:term":[{"taxonomy":"category","embeddable":true,"href":"https:\/\/izarbide.net\/inicio\/wp-json\/wp\/v2\/categories?post=3595"},{"taxonomy":"post_tag","embeddable":true,"href":"https:\/\/izarbide.net\/inicio\/wp-json\/wp\/v2\/tags?post=3595"}],"curies":[{"name":"wp","href":"https:\/\/api.w.org\/{rel}","templated":true}]}}